{"id":18041,"date":"2026-03-16T17:30:00","date_gmt":"2026-03-16T16:30:00","guid":{"rendered":"https:\/\/cdes.fr\/?p=18041"},"modified":"2026-03-16T16:58:41","modified_gmt":"2026-03-16T15:58:41","slug":"le-cdes-publie-une-etude-dimpact-economique-pour-le-stade-montois","status":"publish","type":"post","link":"https:\/\/cdes.fr\/?p=18041","title":{"rendered":"Le CDES publie une \u00e9tude d&rsquo;impact \u00e9conomique pour le Stade Montois Rugby Pro"},"content":{"rendered":"\t\t<div data-elementor-type=\"wp-post\" data-elementor-id=\"18041\" class=\"elementor elementor-18041\" data-elementor-post-type=\"post\">\n\t\t\t\t\t\t<section class=\"penci-section penci-disSticky penci-structure-10 elementor-section elementor-top-section elementor-element elementor-element-18afa41 elementor-section-boxed elementor-section-height-default elementor-section-height-default\" data-id=\"18afa41\" data-element_type=\"section\">\n\t\t\t\t\t\t<div class=\"elementor-container elementor-column-gap-default\">\n\t\t\t\t\t<div class=\"penci-ercol-100 penci-ercol-order-1 penci-sticky-ct    elementor-column elementor-col-100 elementor-top-column elementor-element elementor-element-8521ac2\" data-id=\"8521ac2\" data-element_type=\"column\">\n\t\t\t<div class=\"elementor-widget-wrap elementor-element-populated\">\n\t\t\t\t\t\t<div class=\"elementor-element elementor-element-1f0b6f7 elementor-widget elementor-widget-image\" data-id=\"1f0b6f7\" data-element_type=\"widget\" data-widget_type=\"image.default\">\n\t\t\t\t<div class=\"elementor-widget-container\">\n\t\t\t\t\t\t\t\t\t\t\t\t\t\t\t<img fetchpriority=\"high\" decoding=\"async\" width=\"1024\" height=\"576\" src=\"https:\/\/cdes.fr\/wp-content\/uploads\/2026\/03\/Diapositive2-1024x576.png\" class=\"attachment-large size-large wp-image-18045\" alt=\"\" srcset=\"https:\/\/cdes.fr\/wp-content\/uploads\/2026\/03\/Diapositive2-1024x576.png 1024w, https:\/\/cdes.fr\/wp-content\/uploads\/2026\/03\/Diapositive2-300x169.png 300w, https:\/\/cdes.fr\/wp-content\/uploads\/2026\/03\/Diapositive2-768x432.png 768w, https:\/\/cdes.fr\/wp-content\/uploads\/2026\/03\/Diapositive2-1170x658.png 1170w, https:\/\/cdes.fr\/wp-content\/uploads\/2026\/03\/Diapositive2-585x329.png 585w, https:\/\/cdes.fr\/wp-content\/uploads\/2026\/03\/Diapositive2.png 1280w\" sizes=\"(max-width: 1024px) 100vw, 1024px\" \/>\t\t\t\t\t\t\t\t\t\t\t\t\t\t\t<\/div>\n\t\t\t\t<\/div>\n\t\t\t\t<div class=\"elementor-element elementor-element-7b11a61 elementor-widget elementor-widget-text-editor\" data-id=\"7b11a61\" data-element_type=\"widget\" data-widget_type=\"text-editor.default\">\n\t\t\t\t<div class=\"elementor-widget-container\">\n\t\t\t\t\t\t\t\t\t<p class=\"isSelectedEnd\">La SASP Stade Montois Rugby Pro a sollicit\u00e9 l\u2019expertise du Centre de Droit et d\u2019\u00c9conomie du Sport afin d\u2019\u00e9valuer scientifiquement l\u2019empreinte \u00e9conomique g\u00e9n\u00e9r\u00e9e par l\u2019activit\u00e9 du club sur le territoire de l\u2019agglom\u00e9ration montoise.<\/p><p class=\"isSelectedEnd\">\u00c9voluant en Pro D2 lors de la saison 2025-2026, le Stade Montois Rugby contribue activement au dynamisme \u00e9conomique local.<\/p><p class=\"isSelectedEnd\">\ud83d\udcca Les principaux r\u00e9sultats de l\u2019\u00e9tude :<\/p><p>\u2022 \ud83d\udcb0 4,07 M\u20ac d\u2019impact \u00e9conomique sur le territoire<br \/>\u2022 \ud83d\udc65 127 emplois soutenus par l\u2019activit\u00e9 du club (directs et indirects)<br \/>\u2022 \ud83d\udd01 1 \u20ac d\u2019argent public investi g\u00e9n\u00e8re 11,6 \u20ac d\u2019activit\u00e9 \u00e9conomique<\/p>\t\t\t\t\t\t\t\t<\/div>\n\t\t\t\t<\/div>\n\t\t\t\t<div class=\"elementor-element elementor-element-5cfba3f elementor-align-center elementor-widget elementor-widget-button\" data-id=\"5cfba3f\" data-element_type=\"widget\" data-widget_type=\"button.default\">\n\t\t\t\t<div class=\"elementor-widget-container\">\n\t\t\t\t\t\t\t\t\t<div class=\"elementor-button-wrapper\">\n\t\t\t\t\t<a class=\"elementor-button elementor-button-link elementor-size-sm\" href=\"https:\/\/www.stademontoisrugby.fr\/actualites\/toutes-les-actualites\/club\/7693-stade-montois-rugby-etude-d-impact-economique.html?back_url=https%3A%2F%2Fwww.stademontoisrugby.fr%2Factualites%2Ftoutes-les-actualites.html#:~:text=Pour%20la%20saison%202024%2D2025,de%2011%20millions%20d&#039;euros\">\n\t\t\t\t\t\t<span class=\"elementor-button-content-wrapper\">\n\t\t\t\t\t\t\t\t\t<span class=\"elementor-button-text\">Plus d\u2019informations ici<\/span>\n\t\t\t\t\t<\/span>\n\t\t\t\t\t<\/a>\n\t\t\t\t<\/div>\n\t\t\t\t\t\t\t\t<\/div>\n\t\t\t\t<\/div>\n\t\t\t\t\t<\/div>\n\t\t<\/div>\n\t\t\t\t\t<\/div>\n\t\t<\/section>\n\t\t\t\t<\/div>\n\t\t","protected":false},"excerpt":{"rendered":"<p>La SASP Stade Montois Rugby Pro a sollicit\u00e9 l\u2019expertise du Centre de Droit et d\u2019\u00c9conomie du Sport afin d\u2019\u00e9valuer scientifiquement l\u2019empreinte \u00e9conomique g\u00e9n\u00e9r\u00e9e par l\u2019activit\u00e9 du club sur le territoire de l\u2019agglom\u00e9ration&hellip;<\/p>\n","protected":false},"author":92,"featured_media":18043,"comment_status":"closed","ping_status":"closed","sticky":false,"template":"","format":"standard","meta":{"_lmt_disableupdate":"","_lmt_disable":"","footnotes":"","beyondwords_generate_audio":"1","beyondwords_project_id":"45814","beyondwords_content_id":"0422c519-c9be-4daf-b817-6732f6f0dae7","beyondwords_preview_token":"a6751c2e-baed-4641-9a6c-8b3dccf05a49","beyondwords_player_content":"","beyondwords_player_style":"","beyondwords_language_code":"","beyondwords_language_id":"","beyondwords_title_voice_id":"","beyondwords_body_voice_id":"","beyondwords_summary_voice_id":"","beyondwords_error_message":"","beyondwords_disabled":"","beyondwords_delete_content":"","beyondwords_podcast_id":"","beyondwords_hash":"","publish_post_to_speechkit":"","speechkit_hash":"","speechkit_generate_audio":"","speechkit_project_id":"","speechkit_podcast_id":"","speechkit_error_message":"","speechkit_disabled":"","speechkit_access_key":"","speechkit_error":"","speechkit_info":"","speechkit_response":"","speechkit_retries":"","speechkit_status":"","speechkit_updated_at":"","_speechkit_link":"","_speechkit_text":""},"categories":[28],"tags":[91,314,34,70,183],"class_list":["post-18041","post","type-post","status-publish","format-standard","has-post-thumbnail","hentry","category-etudes","tag-actualite","tag-article","tag-economie","tag-economie-du-sport","tag-sport"],"yoast_head":"<!-- This site is optimized with the Yoast SEO plugin v25.3.1 - https:\/\/yoast.com\/wordpress\/plugins\/seo\/ -->\n<title>Le CDES publie une \u00e9tude d&#039;impact \u00e9conomique pour le Stade Montois Rugby Pro - CDES<\/title>\n<meta name=\"robots\" content=\"index, follow, max-snippet:-1, max-image-preview:large, max-video-preview:-1\" \/>\n<link rel=\"canonical\" href=\"https:\/\/cdes.fr\/?p=18041\" \/>\n<meta property=\"og:locale\" content=\"fr_FR\" \/>\n<meta property=\"og:type\" content=\"article\" \/>\n<meta property=\"og:title\" content=\"Le CDES publie une \u00e9tude d&#039;impact \u00e9conomique pour le Stade Montois Rugby Pro - CDES\" \/>\n<meta property=\"og:description\" content=\"La SASP Stade Montois Rugby Pro a sollicit\u00e9 l\u2019expertise du Centre de Droit et d\u2019\u00c9conomie du Sport afin d\u2019\u00e9valuer scientifiquement l\u2019empreinte \u00e9conomique g\u00e9n\u00e9r\u00e9e par l\u2019activit\u00e9 du club sur le territoire de l\u2019agglom\u00e9ration&hellip;\" \/>\n<meta property=\"og:url\" content=\"https:\/\/cdes.fr\/?p=18041\" \/>\n<meta property=\"og:site_name\" content=\"CDES\" \/>\n<meta property=\"article:published_time\" content=\"2026-03-16T16:30:00+00:00\" \/>\n<meta property=\"og:image\" content=\"https:\/\/cdes.fr\/wp-content\/uploads\/2026\/03\/Diapositive1.png\" \/>\n\t<meta property=\"og:image:width\" content=\"1280\" \/>\n\t<meta property=\"og:image:height\" content=\"720\" \/>\n\t<meta property=\"og:image:type\" content=\"image\/png\" \/>\n<meta name=\"author\" content=\"Viktoria Rosta\" \/>\n<meta name=\"twitter:card\" content=\"summary_large_image\" \/>\n<meta name=\"twitter:label1\" content=\"\u00c9crit par\" \/>\n\t<meta name=\"twitter:data1\" content=\"Viktoria Rosta\" \/>\n\t<meta name=\"twitter:label2\" content=\"Dur\u00e9e de lecture estim\u00e9e\" \/>\n\t<meta name=\"twitter:data2\" content=\"1 minute\" \/>\n<script type=\"application\/ld+json\" class=\"yoast-schema-graph\">{\"@context\":\"https:\/\/schema.org\",\"@graph\":[{\"@type\":\"WebPage\",\"@id\":\"https:\/\/cdes.fr\/?p=18041\",\"url\":\"https:\/\/cdes.fr\/?p=18041\",\"name\":\"Le CDES publie une \u00e9tude d'impact \u00e9conomique pour le Stade Montois Rugby Pro - CDES\",\"isPartOf\":{\"@id\":\"https:\/\/cdes.fr\/#website\"},\"primaryImageOfPage\":{\"@id\":\"https:\/\/cdes.fr\/?p=18041#primaryimage\"},\"image\":{\"@id\":\"https:\/\/cdes.fr\/?p=18041#primaryimage\"},\"thumbnailUrl\":\"https:\/\/cdes.fr\/wp-content\/uploads\/2026\/03\/Diapositive1.png\",\"datePublished\":\"2026-03-16T16:30:00+00:00\",\"author\":{\"@id\":\"https:\/\/cdes.fr\/#\/schema\/person\/3fd95d04f12a9edf5003ec0df19d43bc\"},\"breadcrumb\":{\"@id\":\"https:\/\/cdes.fr\/?p=18041#breadcrumb\"},\"inLanguage\":\"fr-FR\",\"potentialAction\":[{\"@type\":\"ReadAction\",\"target\":[\"https:\/\/cdes.fr\/?p=18041\"]}]},{\"@type\":\"ImageObject\",\"inLanguage\":\"fr-FR\",\"@id\":\"https:\/\/cdes.fr\/?p=18041#primaryimage\",\"url\":\"https:\/\/cdes.fr\/wp-content\/uploads\/2026\/03\/Diapositive1.png\",\"contentUrl\":\"https:\/\/cdes.fr\/wp-content\/uploads\/2026\/03\/Diapositive1.png\",\"width\":1280,\"height\":720},{\"@type\":\"BreadcrumbList\",\"@id\":\"https:\/\/cdes.fr\/?p=18041#breadcrumb\",\"itemListElement\":[{\"@type\":\"ListItem\",\"position\":1,\"name\":\"Accueil\",\"item\":\"https:\/\/cdes.fr\/\"},{\"@type\":\"ListItem\",\"position\":2,\"name\":\"Le CDES publie une \u00e9tude d&rsquo;impact \u00e9conomique pour le Stade Montois Rugby Pro\"}]},{\"@type\":\"WebSite\",\"@id\":\"https:\/\/cdes.fr\/#website\",\"url\":\"https:\/\/cdes.fr\/\",\"name\":\"CDES\",\"description\":\"Centre de Droit et d&#039;Economie du Sport\",\"potentialAction\":[{\"@type\":\"SearchAction\",\"target\":{\"@type\":\"EntryPoint\",\"urlTemplate\":\"https:\/\/cdes.fr\/?s={search_term_string}\"},\"query-input\":{\"@type\":\"PropertyValueSpecification\",\"valueRequired\":true,\"valueName\":\"search_term_string\"}}],\"inLanguage\":\"fr-FR\"},{\"@type\":\"Person\",\"@id\":\"https:\/\/cdes.fr\/#\/schema\/person\/3fd95d04f12a9edf5003ec0df19d43bc\",\"name\":\"Viktoria Rosta\",\"image\":{\"@type\":\"ImageObject\",\"inLanguage\":\"fr-FR\",\"@id\":\"https:\/\/cdes.fr\/#\/schema\/person\/image\/\",\"url\":\"https:\/\/secure.gravatar.com\/avatar\/139dff69b1764c6ee4a6645c2ecf0b8ba8c5951b492b44d8858b07f7c293c210?s=96&d=mm&r=g\",\"contentUrl\":\"https:\/\/secure.gravatar.com\/avatar\/139dff69b1764c6ee4a6645c2ecf0b8ba8c5951b492b44d8858b07f7c293c210?s=96&d=mm&r=g\",\"caption\":\"Viktoria Rosta\"},\"url\":\"https:\/\/cdes.fr\/?author=92\"}]}<\/script>\n<!-- \/ Yoast SEO plugin. -->","yoast_head_json":{"title":"Le CDES publie une \u00e9tude d'impact \u00e9conomique pour le Stade Montois Rugby Pro - CDES","robots":{"index":"index","follow":"follow","max-snippet":"max-snippet:-1","max-image-preview":"max-image-preview:large","max-video-preview":"max-video-preview:-1"},"canonical":"https:\/\/cdes.fr\/?p=18041","og_locale":"fr_FR","og_type":"article","og_title":"Le CDES publie une \u00e9tude d'impact \u00e9conomique pour le Stade Montois Rugby Pro - CDES","og_description":"La SASP Stade Montois Rugby Pro a sollicit\u00e9 l\u2019expertise du Centre de Droit et d\u2019\u00c9conomie du Sport afin d\u2019\u00e9valuer scientifiquement l\u2019empreinte \u00e9conomique g\u00e9n\u00e9r\u00e9e par l\u2019activit\u00e9 du club sur le territoire de l\u2019agglom\u00e9ration&hellip;","og_url":"https:\/\/cdes.fr\/?p=18041","og_site_name":"CDES","article_published_time":"2026-03-16T16:30:00+00:00","og_image":[{"width":1280,"height":720,"url":"https:\/\/cdes.fr\/wp-content\/uploads\/2026\/03\/Diapositive1.png","type":"image\/png"}],"author":"Viktoria Rosta","twitter_card":"summary_large_image","twitter_misc":{"\u00c9crit par":"Viktoria Rosta","Dur\u00e9e de lecture estim\u00e9e":"1 minute"},"schema":{"@context":"https:\/\/schema.org","@graph":[{"@type":"WebPage","@id":"https:\/\/cdes.fr\/?p=18041","url":"https:\/\/cdes.fr\/?p=18041","name":"Le CDES publie une \u00e9tude d'impact \u00e9conomique pour le Stade Montois Rugby Pro - CDES","isPartOf":{"@id":"https:\/\/cdes.fr\/#website"},"primaryImageOfPage":{"@id":"https:\/\/cdes.fr\/?p=18041#primaryimage"},"image":{"@id":"https:\/\/cdes.fr\/?p=18041#primaryimage"},"thumbnailUrl":"https:\/\/cdes.fr\/wp-content\/uploads\/2026\/03\/Diapositive1.png","datePublished":"2026-03-16T16:30:00+00:00","author":{"@id":"https:\/\/cdes.fr\/#\/schema\/person\/3fd95d04f12a9edf5003ec0df19d43bc"},"breadcrumb":{"@id":"https:\/\/cdes.fr\/?p=18041#breadcrumb"},"inLanguage":"fr-FR","potentialAction":[{"@type":"ReadAction","target":["https:\/\/cdes.fr\/?p=18041"]}]},{"@type":"ImageObject","inLanguage":"fr-FR","@id":"https:\/\/cdes.fr\/?p=18041#primaryimage","url":"https:\/\/cdes.fr\/wp-content\/uploads\/2026\/03\/Diapositive1.png","contentUrl":"https:\/\/cdes.fr\/wp-content\/uploads\/2026\/03\/Diapositive1.png","width":1280,"height":720},{"@type":"BreadcrumbList","@id":"https:\/\/cdes.fr\/?p=18041#breadcrumb","itemListElement":[{"@type":"ListItem","position":1,"name":"Accueil","item":"https:\/\/cdes.fr\/"},{"@type":"ListItem","position":2,"name":"Le CDES publie une \u00e9tude d&rsquo;impact \u00e9conomique pour le Stade Montois Rugby Pro"}]},{"@type":"WebSite","@id":"https:\/\/cdes.fr\/#website","url":"https:\/\/cdes.fr\/","name":"CDES","description":"Centre de Droit et d&#039;Economie du Sport","potentialAction":[{"@type":"SearchAction","target":{"@type":"EntryPoint","urlTemplate":"https:\/\/cdes.fr\/?s={search_term_string}"},"query-input":{"@type":"PropertyValueSpecification","valueRequired":true,"valueName":"search_term_string"}}],"inLanguage":"fr-FR"},{"@type":"Person","@id":"https:\/\/cdes.fr\/#\/schema\/person\/3fd95d04f12a9edf5003ec0df19d43bc","name":"Viktoria Rosta","image":{"@type":"ImageObject","inLanguage":"fr-FR","@id":"https:\/\/cdes.fr\/#\/schema\/person\/image\/","url":"https:\/\/secure.gravatar.com\/avatar\/139dff69b1764c6ee4a6645c2ecf0b8ba8c5951b492b44d8858b07f7c293c210?s=96&d=mm&r=g","contentUrl":"https:\/\/secure.gravatar.com\/avatar\/139dff69b1764c6ee4a6645c2ecf0b8ba8c5951b492b44d8858b07f7c293c210?s=96&d=mm&r=g","caption":"Viktoria Rosta"},"url":"https:\/\/cdes.fr\/?author=92"}]}},"_links":{"self":[{"href":"https:\/\/cdes.fr\/index.php?rest_route=\/wp\/v2\/posts\/18041","targetHints":{"allow":["GET"]}}],"collection":[{"href":"https:\/\/cdes.fr\/index.php?rest_route=\/wp\/v2\/posts"}],"about":[{"href":"https:\/\/cdes.fr\/index.php?rest_route=\/wp\/v2\/types\/post"}],"author":[{"embeddable":true,"href":"https:\/\/cdes.fr\/index.php?rest_route=\/wp\/v2\/users\/92"}],"replies":[{"embeddable":true,"href":"https:\/\/cdes.fr\/index.php?rest_route=%2Fwp%2Fv2%2Fcomments&post=18041"}],"version-history":[{"count":5,"href":"https:\/\/cdes.fr\/index.php?rest_route=\/wp\/v2\/posts\/18041\/revisions"}],"predecessor-version":[{"id":18051,"href":"https:\/\/cdes.fr\/index.php?rest_route=\/wp\/v2\/posts\/18041\/revisions\/18051"}],"wp:featuredmedia":[{"embeddable":true,"href":"https:\/\/cdes.fr\/index.php?rest_route=\/wp\/v2\/media\/18043"}],"wp:attachment":[{"href":"https:\/\/cdes.fr\/index.php?rest_route=%2Fwp%2Fv2%2Fmedia&parent=18041"}],"wp:term":[{"taxonomy":"category","embeddable":true,"href":"https:\/\/cdes.fr\/index.php?rest_route=%2Fwp%2Fv2%2Fcategories&post=18041"},{"taxonomy":"post_tag","embeddable":true,"href":"https:\/\/cdes.fr\/index.php?rest_route=%2Fwp%2Fv2%2Ftags&post=18041"}],"curies":[{"name":"wp","href":"https:\/\/api.w.org\/{rel}","templated":true}]}}