{"id":17805,"date":"2026-01-13T16:45:41","date_gmt":"2026-01-13T15:45:41","guid":{"rendered":"https:\/\/cdes.fr\/?p=17805"},"modified":"2026-01-13T16:45:49","modified_gmt":"2026-01-13T15:45:49","slug":"le-cdes-publie-une-etude-de-poids-economique-du-rugby-professionnel-francais","status":"publish","type":"post","link":"https:\/\/cdes.fr\/?p=17805","title":{"rendered":"Le CDES publie une \u00e9tude de poids \u00e9conomique du rugby professionnel fran\u00e7ais"},"content":{"rendered":"\t\t<div data-elementor-type=\"wp-post\" data-elementor-id=\"17805\" class=\"elementor elementor-17805\" data-elementor-post-type=\"post\">\n\t\t\t\t\t\t<section class=\"penci-section penci-disSticky penci-structure-10 elementor-section elementor-top-section elementor-element elementor-element-4581ddfd elementor-section-boxed elementor-section-height-default elementor-section-height-default\" data-id=\"4581ddfd\" data-element_type=\"section\">\n\t\t\t\t\t\t<div class=\"elementor-container elementor-column-gap-default\">\n\t\t\t\t\t<div class=\"penci-ercol-100 penci-ercol-order-1 penci-sticky-ct    elementor-column elementor-col-100 elementor-top-column elementor-element elementor-element-24f54566\" data-id=\"24f54566\" data-element_type=\"column\">\n\t\t\t<div class=\"elementor-widget-wrap elementor-element-populated\">\n\t\t\t\t\t\t<div class=\"elementor-element elementor-element-3a6e55cd elementor-widget elementor-widget-text-editor\" data-id=\"3a6e55cd\" data-element_type=\"widget\" data-widget_type=\"text-editor.default\">\n\t\t\t\t<div class=\"elementor-widget-container\">\n\t\t\t\t\t\t\t\t\t\n<p><\/p>\n\t\t\t\t\t\t\t\t<\/div>\n\t\t\t\t<\/div>\n\t\t\t\t\t<\/div>\n\t\t<\/div>\n\t\t\t\t\t<\/div>\n\t\t<\/section>\n\t\t\t\t<section class=\"penci-section penci-disSticky penci-structure-10 elementor-section elementor-top-section elementor-element elementor-element-e216ca4 elementor-section-boxed elementor-section-height-default elementor-section-height-default\" data-id=\"e216ca4\" data-element_type=\"section\">\n\t\t\t\t\t\t<div class=\"elementor-container elementor-column-gap-default\">\n\t\t\t\t\t<div class=\"penci-ercol-100 penci-ercol-order-1 penci-sticky-ct    elementor-column elementor-col-100 elementor-top-column elementor-element elementor-element-275c5e6\" data-id=\"275c5e6\" data-element_type=\"column\">\n\t\t\t<div class=\"elementor-widget-wrap elementor-element-populated\">\n\t\t\t\t\t\t<div class=\"elementor-element elementor-element-20ba9e5 elementor-widget elementor-widget-text-editor\" data-id=\"20ba9e5\" data-element_type=\"widget\" data-widget_type=\"text-editor.default\">\n\t\t\t\t<div class=\"elementor-widget-container\">\n\t\t\t\t\t\t\t\t\t<p>A l&rsquo;initiative de la Ligue Nationale de Rugby, qui a sollicit\u00e9 l\u2019expertise du Centre de Droit et d\u2019\u00c9conomie du Sport, une \u00e9tude macro\u00e9conomique de poids \u00e9conomique du rugby professionnel fran\u00e7ais (LNR et les 30 clubs professionnels) a \u00e9t\u00e9 men\u00e9e. L\u2019\u00e9tude met en \u00e9vidence une croissance soutenue de l\u2019ensemble des indicateurs qualifiant le poids \u00e9conomique du rugby professionnel fran\u00e7ais, qui s&rsquo;\u00e9tablit \u00e0 1,335 milliard d&rsquo;euros, t\u00e9moignant du dynamisme du secteur :\u00a0<\/p>\n<ul>\n<li>A p\u00e9rim\u00e8tre constant par rapport \u00e0 l\u2019\u00e9tude pr\u00e9c\u00e9dente (2019), le poids \u00e9conomique global est en hausse de 38%.<\/li>\n<li>Le nombre d\u2019emplois soutenus de fa\u00e7on directe, indirecte et induite augmente de 26%.<\/li>\n<li>Les contributions sociales et fiscales affichent une croissance de 19,3%.\u00a0<\/li>\n<\/ul>\n<p>Malgr\u00e9 une p\u00e9riode marqu\u00e9e par la crise sanitaire, la croissance globale du rugby professionnel fran\u00e7ais ne fait donc que se confirmer, renfor\u00e7ant sa position de leader au niveau international.<\/p>\t\t\t\t\t\t\t\t<\/div>\n\t\t\t\t<\/div>\n\t\t\t\t<div class=\"elementor-element elementor-element-0fb9eec elementor-widget elementor-widget-image\" data-id=\"0fb9eec\" data-element_type=\"widget\" data-widget_type=\"image.default\">\n\t\t\t\t<div class=\"elementor-widget-container\">\n\t\t\t\t\t\t\t\t\t\t\t\t\t\t\t<img fetchpriority=\"high\" decoding=\"async\" width=\"944\" height=\"323\" src=\"https:\/\/cdes.fr\/wp-content\/uploads\/2026\/01\/image-LNR.png\" class=\"attachment-large size-large wp-image-17811\" alt=\"\" srcset=\"https:\/\/cdes.fr\/wp-content\/uploads\/2026\/01\/image-LNR.png 944w, https:\/\/cdes.fr\/wp-content\/uploads\/2026\/01\/image-LNR-300x103.png 300w, https:\/\/cdes.fr\/wp-content\/uploads\/2026\/01\/image-LNR-768x263.png 768w, https:\/\/cdes.fr\/wp-content\/uploads\/2026\/01\/image-LNR-585x200.png 585w\" sizes=\"(max-width: 944px) 100vw, 944px\" \/>\t\t\t\t\t\t\t\t\t\t\t\t\t\t\t<\/div>\n\t\t\t\t<\/div>\n\t\t\t\t<div class=\"elementor-element elementor-element-44f8c50 elementor-widget elementor-widget-text-editor\" data-id=\"44f8c50\" data-element_type=\"widget\" data-widget_type=\"text-editor.default\">\n\t\t\t\t<div class=\"elementor-widget-container\">\n\t\t\t\t\t\t\t\t\t<p>[Plus d\u2019informations ici] : <a href=\"https:\/\/www.lnr.fr\/actualite\/poids-economique-territoires-emplois-le-rugby-professionnel-en-croissance-a-tous-les-niveaux\">Communiqu\u00e9 de Presse de la Ligue Nationale de Rugby<\/a><\/p>\t\t\t\t\t\t\t\t<\/div>\n\t\t\t\t<\/div>\n\t\t\t\t<div class=\"elementor-element elementor-element-d8e0c75 elementor-widget-divider--view-line elementor-widget elementor-widget-divider\" data-id=\"d8e0c75\" data-element_type=\"widget\" data-widget_type=\"divider.default\">\n\t\t\t\t<div class=\"elementor-widget-container\">\n\t\t\t\t\t\t\t<div class=\"elementor-divider\">\n\t\t\t<span class=\"elementor-divider-separator\">\n\t\t\t\t\t\t<\/span>\n\t\t<\/div>\n\t\t\t\t\t\t<\/div>\n\t\t\t\t<\/div>\n\t\t\t\t<div class=\"elementor-element elementor-element-420635b elementor-widget elementor-widget-heading\" data-id=\"420635b\" data-element_type=\"widget\" data-widget_type=\"heading.default\">\n\t\t\t\t<div class=\"elementor-widget-container\">\n\t\t\t\t\t<h2 class=\"elementor-heading-title elementor-size-default\">Retrouvez par ailleurs l'\u00e9tude compl\u00e8te :<\/h2>\t\t\t\t<\/div>\n\t\t\t\t<\/div>\n\t\t\t\t<div class=\"elementor-element elementor-element-b27c839 elementor-align-center elementor-widget elementor-widget-button\" data-id=\"b27c839\" data-element_type=\"widget\" data-widget_type=\"button.default\">\n\t\t\t\t<div class=\"elementor-widget-container\">\n\t\t\t\t\t\t\t\t\t<div class=\"elementor-button-wrapper\">\n\t\t\t\t\t<a class=\"elementor-button elementor-button-link elementor-size-sm\" href=\"https:\/\/cdes.fr\/wp-content\/uploads\/2026\/01\/CDES-Etude-LNR-2025-Version-complete.pdf\">\n\t\t\t\t\t\t<span class=\"elementor-button-content-wrapper\">\n\t\t\t\t\t\t\t\t\t<span class=\"elementor-button-text\">Etude compl\u00e8te<\/span>\n\t\t\t\t\t<\/span>\n\t\t\t\t\t<\/a>\n\t\t\t\t<\/div>\n\t\t\t\t\t\t\t\t<\/div>\n\t\t\t\t<\/div>\n\t\t\t\t\t<\/div>\n\t\t<\/div>\n\t\t\t\t\t<\/div>\n\t\t<\/section>\n\t\t\t\t<\/div>\n\t\t","protected":false},"excerpt":{"rendered":"<p>A l&rsquo;initiative de la Ligue Nationale de Rugby, qui a sollicit\u00e9 l\u2019expertise du Centre de Droit et d\u2019\u00c9conomie du Sport, une \u00e9tude macro\u00e9conomique de poids \u00e9conomique du rugby professionnel fran\u00e7ais (LNR et&hellip;<\/p>\n","protected":false},"author":92,"featured_media":17808,"comment_status":"closed","ping_status":"closed","sticky":false,"template":"","format":"standard","meta":{"_lmt_disableupdate":"","_lmt_disable":"","footnotes":"","beyondwords_generate_audio":"1","beyondwords_project_id":"45814","beyondwords_content_id":"259f6acd-43a7-443b-8f96-d4ede86cadfd","beyondwords_preview_token":"799f49ec-0368-4c1b-bae8-7753b06e9891","beyondwords_player_content":"","beyondwords_player_style":"","beyondwords_language_code":"","beyondwords_language_id":"","beyondwords_title_voice_id":"","beyondwords_body_voice_id":"","beyondwords_summary_voice_id":"","beyondwords_error_message":"","beyondwords_disabled":"","beyondwords_delete_content":"","beyondwords_podcast_id":"","beyondwords_hash":"","publish_post_to_speechkit":"","speechkit_hash":"","speechkit_generate_audio":"","speechkit_project_id":"","speechkit_podcast_id":"","speechkit_error_message":"","speechkit_disabled":"","speechkit_access_key":"","speechkit_error":"","speechkit_info":"","speechkit_response":"","speechkit_retries":"","speechkit_status":"","speechkit_updated_at":"","_speechkit_link":"","_speechkit_text":""},"categories":[28],"tags":[91,34,70,183],"class_list":["post-17805","post","type-post","status-publish","format-standard","has-post-thumbnail","hentry","category-etudes","tag-actualite","tag-economie","tag-economie-du-sport","tag-sport"],"yoast_head":"<!-- This site is optimized with the Yoast SEO plugin v25.3.1 - https:\/\/yoast.com\/wordpress\/plugins\/seo\/ -->\n<title>Le CDES publie une \u00e9tude de poids \u00e9conomique du rugby professionnel fran\u00e7ais - CDES<\/title>\n<meta name=\"robots\" content=\"index, follow, max-snippet:-1, max-image-preview:large, max-video-preview:-1\" \/>\n<link rel=\"canonical\" href=\"https:\/\/cdes.fr\/?p=17805\" \/>\n<meta property=\"og:locale\" content=\"fr_FR\" \/>\n<meta property=\"og:type\" content=\"article\" \/>\n<meta property=\"og:title\" content=\"Le CDES publie une \u00e9tude de poids \u00e9conomique du rugby professionnel fran\u00e7ais - CDES\" \/>\n<meta property=\"og:description\" content=\"A l&rsquo;initiative de la Ligue Nationale de Rugby, qui a sollicit\u00e9 l\u2019expertise du Centre de Droit et d\u2019\u00c9conomie du Sport, une \u00e9tude macro\u00e9conomique de poids \u00e9conomique du rugby professionnel fran\u00e7ais (LNR et&hellip;\" \/>\n<meta property=\"og:url\" content=\"https:\/\/cdes.fr\/?p=17805\" \/>\n<meta property=\"og:site_name\" content=\"CDES\" \/>\n<meta property=\"article:published_time\" content=\"2026-01-13T15:45:41+00:00\" \/>\n<meta property=\"article:modified_time\" content=\"2026-01-13T15:45:49+00:00\" \/>\n<meta property=\"og:image\" content=\"https:\/\/cdes.fr\/wp-content\/uploads\/2026\/01\/couverture-PE-LNR.png\" \/>\n\t<meta property=\"og:image:width\" content=\"1196\" \/>\n\t<meta property=\"og:image:height\" content=\"671\" \/>\n\t<meta property=\"og:image:type\" content=\"image\/png\" \/>\n<meta name=\"author\" content=\"Viktoria Rosta\" \/>\n<meta name=\"twitter:card\" content=\"summary_large_image\" \/>\n<meta name=\"twitter:label1\" content=\"\u00c9crit par\" \/>\n\t<meta name=\"twitter:data1\" content=\"Viktoria Rosta\" \/>\n\t<meta name=\"twitter:label2\" content=\"Dur\u00e9e de lecture estim\u00e9e\" \/>\n\t<meta name=\"twitter:data2\" content=\"2 minutes\" \/>\n<script type=\"application\/ld+json\" class=\"yoast-schema-graph\">{\"@context\":\"https:\/\/schema.org\",\"@graph\":[{\"@type\":\"WebPage\",\"@id\":\"https:\/\/cdes.fr\/?p=17805\",\"url\":\"https:\/\/cdes.fr\/?p=17805\",\"name\":\"Le CDES publie une \u00e9tude de poids \u00e9conomique du rugby professionnel fran\u00e7ais - CDES\",\"isPartOf\":{\"@id\":\"https:\/\/cdes.fr\/#website\"},\"primaryImageOfPage\":{\"@id\":\"https:\/\/cdes.fr\/?p=17805#primaryimage\"},\"image\":{\"@id\":\"https:\/\/cdes.fr\/?p=17805#primaryimage\"},\"thumbnailUrl\":\"https:\/\/cdes.fr\/wp-content\/uploads\/2026\/01\/couverture-PE-LNR.png\",\"datePublished\":\"2026-01-13T15:45:41+00:00\",\"dateModified\":\"2026-01-13T15:45:49+00:00\",\"author\":{\"@id\":\"https:\/\/cdes.fr\/#\/schema\/person\/3fd95d04f12a9edf5003ec0df19d43bc\"},\"breadcrumb\":{\"@id\":\"https:\/\/cdes.fr\/?p=17805#breadcrumb\"},\"inLanguage\":\"fr-FR\",\"potentialAction\":[{\"@type\":\"ReadAction\",\"target\":[\"https:\/\/cdes.fr\/?p=17805\"]}]},{\"@type\":\"ImageObject\",\"inLanguage\":\"fr-FR\",\"@id\":\"https:\/\/cdes.fr\/?p=17805#primaryimage\",\"url\":\"https:\/\/cdes.fr\/wp-content\/uploads\/2026\/01\/couverture-PE-LNR.png\",\"contentUrl\":\"https:\/\/cdes.fr\/wp-content\/uploads\/2026\/01\/couverture-PE-LNR.png\",\"width\":1196,\"height\":671},{\"@type\":\"BreadcrumbList\",\"@id\":\"https:\/\/cdes.fr\/?p=17805#breadcrumb\",\"itemListElement\":[{\"@type\":\"ListItem\",\"position\":1,\"name\":\"Accueil\",\"item\":\"https:\/\/cdes.fr\/\"},{\"@type\":\"ListItem\",\"position\":2,\"name\":\"Le CDES publie une \u00e9tude de poids \u00e9conomique du rugby professionnel fran\u00e7ais\"}]},{\"@type\":\"WebSite\",\"@id\":\"https:\/\/cdes.fr\/#website\",\"url\":\"https:\/\/cdes.fr\/\",\"name\":\"CDES\",\"description\":\"Centre de Droit et d&#039;Economie du Sport\",\"potentialAction\":[{\"@type\":\"SearchAction\",\"target\":{\"@type\":\"EntryPoint\",\"urlTemplate\":\"https:\/\/cdes.fr\/?s={search_term_string}\"},\"query-input\":{\"@type\":\"PropertyValueSpecification\",\"valueRequired\":true,\"valueName\":\"search_term_string\"}}],\"inLanguage\":\"fr-FR\"},{\"@type\":\"Person\",\"@id\":\"https:\/\/cdes.fr\/#\/schema\/person\/3fd95d04f12a9edf5003ec0df19d43bc\",\"name\":\"Viktoria Rosta\",\"image\":{\"@type\":\"ImageObject\",\"inLanguage\":\"fr-FR\",\"@id\":\"https:\/\/cdes.fr\/#\/schema\/person\/image\/\",\"url\":\"https:\/\/secure.gravatar.com\/avatar\/139dff69b1764c6ee4a6645c2ecf0b8ba8c5951b492b44d8858b07f7c293c210?s=96&d=mm&r=g\",\"contentUrl\":\"https:\/\/secure.gravatar.com\/avatar\/139dff69b1764c6ee4a6645c2ecf0b8ba8c5951b492b44d8858b07f7c293c210?s=96&d=mm&r=g\",\"caption\":\"Viktoria Rosta\"},\"url\":\"https:\/\/cdes.fr\/?author=92\"}]}<\/script>\n<!-- \/ Yoast SEO plugin. -->","yoast_head_json":{"title":"Le CDES publie une \u00e9tude de poids \u00e9conomique du rugby professionnel fran\u00e7ais - CDES","robots":{"index":"index","follow":"follow","max-snippet":"max-snippet:-1","max-image-preview":"max-image-preview:large","max-video-preview":"max-video-preview:-1"},"canonical":"https:\/\/cdes.fr\/?p=17805","og_locale":"fr_FR","og_type":"article","og_title":"Le CDES publie une \u00e9tude de poids \u00e9conomique du rugby professionnel fran\u00e7ais - CDES","og_description":"A l&rsquo;initiative de la Ligue Nationale de Rugby, qui a sollicit\u00e9 l\u2019expertise du Centre de Droit et d\u2019\u00c9conomie du Sport, une \u00e9tude macro\u00e9conomique de poids \u00e9conomique du rugby professionnel fran\u00e7ais (LNR et&hellip;","og_url":"https:\/\/cdes.fr\/?p=17805","og_site_name":"CDES","article_published_time":"2026-01-13T15:45:41+00:00","article_modified_time":"2026-01-13T15:45:49+00:00","og_image":[{"width":1196,"height":671,"url":"https:\/\/cdes.fr\/wp-content\/uploads\/2026\/01\/couverture-PE-LNR.png","type":"image\/png"}],"author":"Viktoria Rosta","twitter_card":"summary_large_image","twitter_misc":{"\u00c9crit par":"Viktoria Rosta","Dur\u00e9e de lecture estim\u00e9e":"2 minutes"},"schema":{"@context":"https:\/\/schema.org","@graph":[{"@type":"WebPage","@id":"https:\/\/cdes.fr\/?p=17805","url":"https:\/\/cdes.fr\/?p=17805","name":"Le CDES publie une \u00e9tude de poids \u00e9conomique du rugby professionnel fran\u00e7ais - CDES","isPartOf":{"@id":"https:\/\/cdes.fr\/#website"},"primaryImageOfPage":{"@id":"https:\/\/cdes.fr\/?p=17805#primaryimage"},"image":{"@id":"https:\/\/cdes.fr\/?p=17805#primaryimage"},"thumbnailUrl":"https:\/\/cdes.fr\/wp-content\/uploads\/2026\/01\/couverture-PE-LNR.png","datePublished":"2026-01-13T15:45:41+00:00","dateModified":"2026-01-13T15:45:49+00:00","author":{"@id":"https:\/\/cdes.fr\/#\/schema\/person\/3fd95d04f12a9edf5003ec0df19d43bc"},"breadcrumb":{"@id":"https:\/\/cdes.fr\/?p=17805#breadcrumb"},"inLanguage":"fr-FR","potentialAction":[{"@type":"ReadAction","target":["https:\/\/cdes.fr\/?p=17805"]}]},{"@type":"ImageObject","inLanguage":"fr-FR","@id":"https:\/\/cdes.fr\/?p=17805#primaryimage","url":"https:\/\/cdes.fr\/wp-content\/uploads\/2026\/01\/couverture-PE-LNR.png","contentUrl":"https:\/\/cdes.fr\/wp-content\/uploads\/2026\/01\/couverture-PE-LNR.png","width":1196,"height":671},{"@type":"BreadcrumbList","@id":"https:\/\/cdes.fr\/?p=17805#breadcrumb","itemListElement":[{"@type":"ListItem","position":1,"name":"Accueil","item":"https:\/\/cdes.fr\/"},{"@type":"ListItem","position":2,"name":"Le CDES publie une \u00e9tude de poids \u00e9conomique du rugby professionnel fran\u00e7ais"}]},{"@type":"WebSite","@id":"https:\/\/cdes.fr\/#website","url":"https:\/\/cdes.fr\/","name":"CDES","description":"Centre de Droit et d&#039;Economie du Sport","potentialAction":[{"@type":"SearchAction","target":{"@type":"EntryPoint","urlTemplate":"https:\/\/cdes.fr\/?s={search_term_string}"},"query-input":{"@type":"PropertyValueSpecification","valueRequired":true,"valueName":"search_term_string"}}],"inLanguage":"fr-FR"},{"@type":"Person","@id":"https:\/\/cdes.fr\/#\/schema\/person\/3fd95d04f12a9edf5003ec0df19d43bc","name":"Viktoria Rosta","image":{"@type":"ImageObject","inLanguage":"fr-FR","@id":"https:\/\/cdes.fr\/#\/schema\/person\/image\/","url":"https:\/\/secure.gravatar.com\/avatar\/139dff69b1764c6ee4a6645c2ecf0b8ba8c5951b492b44d8858b07f7c293c210?s=96&d=mm&r=g","contentUrl":"https:\/\/secure.gravatar.com\/avatar\/139dff69b1764c6ee4a6645c2ecf0b8ba8c5951b492b44d8858b07f7c293c210?s=96&d=mm&r=g","caption":"Viktoria Rosta"},"url":"https:\/\/cdes.fr\/?author=92"}]}},"_links":{"self":[{"href":"https:\/\/cdes.fr\/index.php?rest_route=\/wp\/v2\/posts\/17805","targetHints":{"allow":["GET"]}}],"collection":[{"href":"https:\/\/cdes.fr\/index.php?rest_route=\/wp\/v2\/posts"}],"about":[{"href":"https:\/\/cdes.fr\/index.php?rest_route=\/wp\/v2\/types\/post"}],"author":[{"embeddable":true,"href":"https:\/\/cdes.fr\/index.php?rest_route=\/wp\/v2\/users\/92"}],"replies":[{"embeddable":true,"href":"https:\/\/cdes.fr\/index.php?rest_route=%2Fwp%2Fv2%2Fcomments&post=17805"}],"version-history":[{"count":4,"href":"https:\/\/cdes.fr\/index.php?rest_route=\/wp\/v2\/posts\/17805\/revisions"}],"predecessor-version":[{"id":17815,"href":"https:\/\/cdes.fr\/index.php?rest_route=\/wp\/v2\/posts\/17805\/revisions\/17815"}],"wp:featuredmedia":[{"embeddable":true,"href":"https:\/\/cdes.fr\/index.php?rest_route=\/wp\/v2\/media\/17808"}],"wp:attachment":[{"href":"https:\/\/cdes.fr\/index.php?rest_route=%2Fwp%2Fv2%2Fmedia&parent=17805"}],"wp:term":[{"taxonomy":"category","embeddable":true,"href":"https:\/\/cdes.fr\/index.php?rest_route=%2Fwp%2Fv2%2Fcategories&post=17805"},{"taxonomy":"post_tag","embeddable":true,"href":"https:\/\/cdes.fr\/index.php?rest_route=%2Fwp%2Fv2%2Ftags&post=17805"}],"curies":[{"name":"wp","href":"https:\/\/api.w.org\/{rel}","templated":true}]}}