{"id":17755,"date":"2025-11-28T18:56:23","date_gmt":"2025-11-28T17:56:23","guid":{"rendered":"https:\/\/cdes.fr\/?p=17755"},"modified":"2025-11-28T18:56:26","modified_gmt":"2025-11-28T17:56:26","slug":"etude-realisee-pour-la-federation-francaise-de-tennis-consacree-a-levaluation-du-poids-socio-economique-du-tennis-federe","status":"publish","type":"post","link":"https:\/\/cdes.fr\/?p=17755","title":{"rendered":"\u00c9tude r\u00e9alis\u00e9e pour la F\u00e9d\u00e9ration Fran\u00e7aise de Tennis consacr\u00e9e \u00e0 l&rsquo;\u00e9valuation du poids socio-\u00e9conomique du tennis f\u00e9d\u00e9r\u00e9"},"content":{"rendered":"\t\t<div data-elementor-type=\"wp-post\" data-elementor-id=\"17755\" class=\"elementor elementor-17755\" data-elementor-post-type=\"post\">\n\t\t\t\t\t\t<section class=\"penci-section penci-disSticky penci-structure-10 elementor-section elementor-top-section elementor-element elementor-element-0d65c25 elementor-section-boxed elementor-section-height-default elementor-section-height-default\" data-id=\"0d65c25\" data-element_type=\"section\">\n\t\t\t\t\t\t<div class=\"elementor-container elementor-column-gap-default\">\n\t\t\t\t\t<div class=\"penci-ercol-100 penci-ercol-order-1 penci-sticky-ct    elementor-column elementor-col-100 elementor-top-column elementor-element elementor-element-ec79304\" data-id=\"ec79304\" data-element_type=\"column\">\n\t\t\t<div class=\"elementor-widget-wrap elementor-element-populated\">\n\t\t\t\t\t\t<div class=\"elementor-element elementor-element-7671875 elementor-widget elementor-widget-heading\" data-id=\"7671875\" data-element_type=\"widget\" data-widget_type=\"heading.default\">\n\t\t\t\t<div class=\"elementor-widget-container\">\n\t\t\t\t\t<h2 class=\"elementor-heading-title elementor-size-default\">Le CDES est ravi de publier l'\u00e9tude r\u00e9alis\u00e9e pour la F\u00e9d\u00e9ration Fran\u00e7aise de Tennis consacr\u00e9e \u00e0 l'\u00e9valuation du poids socio-\u00e9conomique du tennis f\u00e9d\u00e9r\u00e9 !<\/h2>\t\t\t\t<\/div>\n\t\t\t\t<\/div>\n\t\t\t\t\t<\/div>\n\t\t<\/div>\n\t\t\t\t\t<\/div>\n\t\t<\/section>\n\t\t\t\t<section class=\"penci-section penci-disSticky penci-structure-10 elementor-section elementor-top-section elementor-element elementor-element-5874a7a elementor-section-boxed elementor-section-height-default elementor-section-height-default\" data-id=\"5874a7a\" data-element_type=\"section\">\n\t\t\t\t\t\t<div class=\"elementor-container elementor-column-gap-default\">\n\t\t\t\t\t<div class=\"penci-ercol-100 penci-ercol-order-1 penci-sticky-ct    elementor-column elementor-col-100 elementor-top-column elementor-element elementor-element-566f08c\" data-id=\"566f08c\" data-element_type=\"column\">\n\t\t\t<div class=\"elementor-widget-wrap elementor-element-populated\">\n\t\t\t\t\t\t<div class=\"elementor-element elementor-element-6905023 elementor-widget elementor-widget-text-editor\" data-id=\"6905023\" data-element_type=\"widget\" data-widget_type=\"text-editor.default\">\n\t\t\t\t<div class=\"elementor-widget-container\">\n\t\t\t\t\t\t\t\t\t<p>La petite balle jaune est bel et bien un g\u00e9ant du sport fran\u00e7ais, avec un poids \u00e9conomique estim\u00e9 \u00e0 1,5 milliard d&rsquo;euros. Ce dynamisme est port\u00e9 par les d\u00e9penses d&rsquo;une vaste population licenci\u00e9e (1,2M de licenci\u00e9s \/ 575 M d&rsquo;euros), d&rsquo;un r\u00e9seau de clubs denses et structur\u00e9s (+ de 7000 clubs \/ 468 M d&rsquo;euros), et d&rsquo;un environnement f\u00e9d\u00e9ral moteur (la FFT et ses organes d\u00e9concentr\u00e9s \/ 223 M d&rsquo;euros) engag\u00e9 sur de nombreuses actions \u00e0 vis\u00e9e soci\u00e9tale.<\/p>\n<p>Le d\u00e9veloppement de nouvelles disciplines comme le pickleball et le padel, que 36% et 29% des clubs envisagent de proposer prochainement \u00e0 leurs licenci\u00e9s, t\u00e9moigne de la vitalit\u00e9 de cet \u00e9cosyst\u00e8me et ouvre des perspectives stimulantes pour l&rsquo;avenir.<\/p>\n<p>Ce succ\u00e8s est enfin celui des nombreux b\u00e9n\u00e9voles qui animent au quotidien la vie des clubs, 77 000 passionn\u00e9s dont l&rsquo;activit\u00e9 contributive \u00e9quivaut \u00e0 483 millions d&rsquo;euros.<\/p>\n<p>Nous remercions chaleureusement la FFT pour sa confiance et la qualit\u00e9 des \u00e9changes qui ont rendu possible cette \u00e9tude.<\/p>\t\t\t\t\t\t\t\t<\/div>\n\t\t\t\t<\/div>\n\t\t\t\t<div class=\"elementor-element elementor-element-d4f4015 elementor-align-center elementor-widget elementor-widget-button\" data-id=\"d4f4015\" data-element_type=\"widget\" data-widget_type=\"button.default\">\n\t\t\t\t<div class=\"elementor-widget-container\">\n\t\t\t\t\t\t\t\t\t<div class=\"elementor-button-wrapper\">\n\t\t\t\t\t<a class=\"elementor-button elementor-button-link elementor-size-sm\" href=\"https:\/\/cdes.fr\/wp-content\/uploads\/2025\/11\/Synthese-FFT-Vfinale-corrections-avec-nouveau-schema.pdf\">\n\t\t\t\t\t\t<span class=\"elementor-button-content-wrapper\">\n\t\t\t\t\t\t\t\t\t<span class=\"elementor-button-text\">Synth\u00e8se de l'\u00e9tude<\/span>\n\t\t\t\t\t<\/span>\n\t\t\t\t\t<\/a>\n\t\t\t\t<\/div>\n\t\t\t\t\t\t\t\t<\/div>\n\t\t\t\t<\/div>\n\t\t\t\t\t<\/div>\n\t\t<\/div>\n\t\t\t\t\t<\/div>\n\t\t<\/section>\n\t\t\t\t<\/div>\n\t\t","protected":false},"excerpt":{"rendered":"<p>Le CDES est ravi de publier l&rsquo;\u00e9tude r\u00e9alis\u00e9e pour la F\u00e9d\u00e9ration Fran\u00e7aise de Tennis consacr\u00e9e \u00e0 l&rsquo;\u00e9valuation du poids socio-\u00e9conomique du tennis f\u00e9d\u00e9r\u00e9 ! La petite balle jaune est bel et bien&hellip;<\/p>\n","protected":false},"author":92,"featured_media":17753,"comment_status":"closed","ping_status":"closed","sticky":false,"template":"","format":"standard","meta":{"_lmt_disableupdate":"","_lmt_disable":"","footnotes":"","beyondwords_generate_audio":"1","beyondwords_project_id":"45814","beyondwords_content_id":"b21a1c54-2691-47f0-9d3c-107e824e1247","beyondwords_preview_token":"3433bc97-67c1-49d5-b9a3-94078774bf70","beyondwords_player_content":"","beyondwords_player_style":"","beyondwords_language_code":"","beyondwords_language_id":"","beyondwords_title_voice_id":"","beyondwords_body_voice_id":"","beyondwords_summary_voice_id":"","beyondwords_error_message":"","beyondwords_disabled":"","beyondwords_delete_content":"","beyondwords_podcast_id":"","beyondwords_hash":"","publish_post_to_speechkit":"","speechkit_hash":"","speechkit_generate_audio":"","speechkit_project_id":"","speechkit_podcast_id":"","speechkit_error_message":"","speechkit_disabled":"","speechkit_access_key":"","speechkit_error":"","speechkit_info":"","speechkit_response":"","speechkit_retries":"","speechkit_status":"","speechkit_updated_at":"","_speechkit_link":"","_speechkit_text":""},"categories":[28,3],"tags":[91,34,70,183],"class_list":["post-17755","post","type-post","status-publish","format-standard","has-post-thumbnail","hentry","category-etudes","category-evenements","tag-actualite","tag-economie","tag-economie-du-sport","tag-sport"],"yoast_head":"<!-- This site is optimized with the Yoast SEO plugin v25.3.1 - https:\/\/yoast.com\/wordpress\/plugins\/seo\/ -->\n<title>\u00c9tude r\u00e9alis\u00e9e pour la F\u00e9d\u00e9ration Fran\u00e7aise de Tennis consacr\u00e9e \u00e0 l&#039;\u00e9valuation du poids socio-\u00e9conomique du tennis f\u00e9d\u00e9r\u00e9 - CDES<\/title>\n<meta name=\"robots\" content=\"index, follow, max-snippet:-1, max-image-preview:large, max-video-preview:-1\" \/>\n<link rel=\"canonical\" href=\"https:\/\/cdes.fr\/?p=17755\" \/>\n<meta property=\"og:locale\" content=\"fr_FR\" \/>\n<meta property=\"og:type\" content=\"article\" \/>\n<meta property=\"og:title\" content=\"\u00c9tude r\u00e9alis\u00e9e pour la F\u00e9d\u00e9ration Fran\u00e7aise de Tennis consacr\u00e9e \u00e0 l&#039;\u00e9valuation du poids socio-\u00e9conomique du tennis f\u00e9d\u00e9r\u00e9 - CDES\" \/>\n<meta property=\"og:description\" content=\"Le CDES est ravi de publier l&rsquo;\u00e9tude r\u00e9alis\u00e9e pour la F\u00e9d\u00e9ration Fran\u00e7aise de Tennis consacr\u00e9e \u00e0 l&rsquo;\u00e9valuation du poids socio-\u00e9conomique du tennis f\u00e9d\u00e9r\u00e9 ! La petite balle jaune est bel et bien&hellip;\" \/>\n<meta property=\"og:url\" content=\"https:\/\/cdes.fr\/?p=17755\" \/>\n<meta property=\"og:site_name\" content=\"CDES\" \/>\n<meta property=\"article:published_time\" content=\"2025-11-28T17:56:23+00:00\" \/>\n<meta property=\"article:modified_time\" content=\"2025-11-28T17:56:26+00:00\" \/>\n<meta property=\"og:image\" content=\"https:\/\/cdes.fr\/wp-content\/uploads\/2025\/11\/etude-FFT-2025.png\" \/>\n\t<meta property=\"og:image:width\" content=\"1182\" \/>\n\t<meta property=\"og:image:height\" content=\"662\" \/>\n\t<meta property=\"og:image:type\" content=\"image\/png\" \/>\n<meta name=\"author\" content=\"Viktoria Rosta\" \/>\n<meta name=\"twitter:card\" content=\"summary_large_image\" \/>\n<meta name=\"twitter:label1\" content=\"\u00c9crit par\" \/>\n\t<meta name=\"twitter:data1\" content=\"Viktoria Rosta\" \/>\n\t<meta name=\"twitter:label2\" content=\"Dur\u00e9e de lecture estim\u00e9e\" \/>\n\t<meta name=\"twitter:data2\" content=\"2 minutes\" \/>\n<script type=\"application\/ld+json\" class=\"yoast-schema-graph\">{\"@context\":\"https:\/\/schema.org\",\"@graph\":[{\"@type\":\"WebPage\",\"@id\":\"https:\/\/cdes.fr\/?p=17755\",\"url\":\"https:\/\/cdes.fr\/?p=17755\",\"name\":\"\u00c9tude r\u00e9alis\u00e9e pour la F\u00e9d\u00e9ration Fran\u00e7aise de Tennis consacr\u00e9e \u00e0 l'\u00e9valuation du poids socio-\u00e9conomique du tennis f\u00e9d\u00e9r\u00e9 - CDES\",\"isPartOf\":{\"@id\":\"https:\/\/cdes.fr\/#website\"},\"primaryImageOfPage\":{\"@id\":\"https:\/\/cdes.fr\/?p=17755#primaryimage\"},\"image\":{\"@id\":\"https:\/\/cdes.fr\/?p=17755#primaryimage\"},\"thumbnailUrl\":\"https:\/\/cdes.fr\/wp-content\/uploads\/2025\/11\/etude-FFT-2025.png\",\"datePublished\":\"2025-11-28T17:56:23+00:00\",\"dateModified\":\"2025-11-28T17:56:26+00:00\",\"author\":{\"@id\":\"https:\/\/cdes.fr\/#\/schema\/person\/3fd95d04f12a9edf5003ec0df19d43bc\"},\"breadcrumb\":{\"@id\":\"https:\/\/cdes.fr\/?p=17755#breadcrumb\"},\"inLanguage\":\"fr-FR\",\"potentialAction\":[{\"@type\":\"ReadAction\",\"target\":[\"https:\/\/cdes.fr\/?p=17755\"]}]},{\"@type\":\"ImageObject\",\"inLanguage\":\"fr-FR\",\"@id\":\"https:\/\/cdes.fr\/?p=17755#primaryimage\",\"url\":\"https:\/\/cdes.fr\/wp-content\/uploads\/2025\/11\/etude-FFT-2025.png\",\"contentUrl\":\"https:\/\/cdes.fr\/wp-content\/uploads\/2025\/11\/etude-FFT-2025.png\",\"width\":1182,\"height\":662},{\"@type\":\"BreadcrumbList\",\"@id\":\"https:\/\/cdes.fr\/?p=17755#breadcrumb\",\"itemListElement\":[{\"@type\":\"ListItem\",\"position\":1,\"name\":\"Accueil\",\"item\":\"https:\/\/cdes.fr\/\"},{\"@type\":\"ListItem\",\"position\":2,\"name\":\"\u00c9tude r\u00e9alis\u00e9e pour la F\u00e9d\u00e9ration Fran\u00e7aise de Tennis consacr\u00e9e \u00e0 l&rsquo;\u00e9valuation du poids socio-\u00e9conomique du tennis f\u00e9d\u00e9r\u00e9\"}]},{\"@type\":\"WebSite\",\"@id\":\"https:\/\/cdes.fr\/#website\",\"url\":\"https:\/\/cdes.fr\/\",\"name\":\"CDES\",\"description\":\"Centre de Droit et d&#039;Economie du Sport\",\"potentialAction\":[{\"@type\":\"SearchAction\",\"target\":{\"@type\":\"EntryPoint\",\"urlTemplate\":\"https:\/\/cdes.fr\/?s={search_term_string}\"},\"query-input\":{\"@type\":\"PropertyValueSpecification\",\"valueRequired\":true,\"valueName\":\"search_term_string\"}}],\"inLanguage\":\"fr-FR\"},{\"@type\":\"Person\",\"@id\":\"https:\/\/cdes.fr\/#\/schema\/person\/3fd95d04f12a9edf5003ec0df19d43bc\",\"name\":\"Viktoria Rosta\",\"image\":{\"@type\":\"ImageObject\",\"inLanguage\":\"fr-FR\",\"@id\":\"https:\/\/cdes.fr\/#\/schema\/person\/image\/\",\"url\":\"https:\/\/secure.gravatar.com\/avatar\/139dff69b1764c6ee4a6645c2ecf0b8ba8c5951b492b44d8858b07f7c293c210?s=96&d=mm&r=g\",\"contentUrl\":\"https:\/\/secure.gravatar.com\/avatar\/139dff69b1764c6ee4a6645c2ecf0b8ba8c5951b492b44d8858b07f7c293c210?s=96&d=mm&r=g\",\"caption\":\"Viktoria Rosta\"},\"url\":\"https:\/\/cdes.fr\/?author=92\"}]}<\/script>\n<!-- \/ Yoast SEO plugin. -->","yoast_head_json":{"title":"\u00c9tude r\u00e9alis\u00e9e pour la F\u00e9d\u00e9ration Fran\u00e7aise de Tennis consacr\u00e9e \u00e0 l'\u00e9valuation du poids socio-\u00e9conomique du tennis f\u00e9d\u00e9r\u00e9 - CDES","robots":{"index":"index","follow":"follow","max-snippet":"max-snippet:-1","max-image-preview":"max-image-preview:large","max-video-preview":"max-video-preview:-1"},"canonical":"https:\/\/cdes.fr\/?p=17755","og_locale":"fr_FR","og_type":"article","og_title":"\u00c9tude r\u00e9alis\u00e9e pour la F\u00e9d\u00e9ration Fran\u00e7aise de Tennis consacr\u00e9e \u00e0 l'\u00e9valuation du poids socio-\u00e9conomique du tennis f\u00e9d\u00e9r\u00e9 - CDES","og_description":"Le CDES est ravi de publier l&rsquo;\u00e9tude r\u00e9alis\u00e9e pour la F\u00e9d\u00e9ration Fran\u00e7aise de Tennis consacr\u00e9e \u00e0 l&rsquo;\u00e9valuation du poids socio-\u00e9conomique du tennis f\u00e9d\u00e9r\u00e9 ! La petite balle jaune est bel et bien&hellip;","og_url":"https:\/\/cdes.fr\/?p=17755","og_site_name":"CDES","article_published_time":"2025-11-28T17:56:23+00:00","article_modified_time":"2025-11-28T17:56:26+00:00","og_image":[{"width":1182,"height":662,"url":"https:\/\/cdes.fr\/wp-content\/uploads\/2025\/11\/etude-FFT-2025.png","type":"image\/png"}],"author":"Viktoria Rosta","twitter_card":"summary_large_image","twitter_misc":{"\u00c9crit par":"Viktoria Rosta","Dur\u00e9e de lecture estim\u00e9e":"2 minutes"},"schema":{"@context":"https:\/\/schema.org","@graph":[{"@type":"WebPage","@id":"https:\/\/cdes.fr\/?p=17755","url":"https:\/\/cdes.fr\/?p=17755","name":"\u00c9tude r\u00e9alis\u00e9e pour la F\u00e9d\u00e9ration Fran\u00e7aise de Tennis consacr\u00e9e \u00e0 l'\u00e9valuation du poids socio-\u00e9conomique du tennis f\u00e9d\u00e9r\u00e9 - CDES","isPartOf":{"@id":"https:\/\/cdes.fr\/#website"},"primaryImageOfPage":{"@id":"https:\/\/cdes.fr\/?p=17755#primaryimage"},"image":{"@id":"https:\/\/cdes.fr\/?p=17755#primaryimage"},"thumbnailUrl":"https:\/\/cdes.fr\/wp-content\/uploads\/2025\/11\/etude-FFT-2025.png","datePublished":"2025-11-28T17:56:23+00:00","dateModified":"2025-11-28T17:56:26+00:00","author":{"@id":"https:\/\/cdes.fr\/#\/schema\/person\/3fd95d04f12a9edf5003ec0df19d43bc"},"breadcrumb":{"@id":"https:\/\/cdes.fr\/?p=17755#breadcrumb"},"inLanguage":"fr-FR","potentialAction":[{"@type":"ReadAction","target":["https:\/\/cdes.fr\/?p=17755"]}]},{"@type":"ImageObject","inLanguage":"fr-FR","@id":"https:\/\/cdes.fr\/?p=17755#primaryimage","url":"https:\/\/cdes.fr\/wp-content\/uploads\/2025\/11\/etude-FFT-2025.png","contentUrl":"https:\/\/cdes.fr\/wp-content\/uploads\/2025\/11\/etude-FFT-2025.png","width":1182,"height":662},{"@type":"BreadcrumbList","@id":"https:\/\/cdes.fr\/?p=17755#breadcrumb","itemListElement":[{"@type":"ListItem","position":1,"name":"Accueil","item":"https:\/\/cdes.fr\/"},{"@type":"ListItem","position":2,"name":"\u00c9tude r\u00e9alis\u00e9e pour la F\u00e9d\u00e9ration Fran\u00e7aise de Tennis consacr\u00e9e \u00e0 l&rsquo;\u00e9valuation du poids socio-\u00e9conomique du tennis f\u00e9d\u00e9r\u00e9"}]},{"@type":"WebSite","@id":"https:\/\/cdes.fr\/#website","url":"https:\/\/cdes.fr\/","name":"CDES","description":"Centre de Droit et d&#039;Economie du Sport","potentialAction":[{"@type":"SearchAction","target":{"@type":"EntryPoint","urlTemplate":"https:\/\/cdes.fr\/?s={search_term_string}"},"query-input":{"@type":"PropertyValueSpecification","valueRequired":true,"valueName":"search_term_string"}}],"inLanguage":"fr-FR"},{"@type":"Person","@id":"https:\/\/cdes.fr\/#\/schema\/person\/3fd95d04f12a9edf5003ec0df19d43bc","name":"Viktoria Rosta","image":{"@type":"ImageObject","inLanguage":"fr-FR","@id":"https:\/\/cdes.fr\/#\/schema\/person\/image\/","url":"https:\/\/secure.gravatar.com\/avatar\/139dff69b1764c6ee4a6645c2ecf0b8ba8c5951b492b44d8858b07f7c293c210?s=96&d=mm&r=g","contentUrl":"https:\/\/secure.gravatar.com\/avatar\/139dff69b1764c6ee4a6645c2ecf0b8ba8c5951b492b44d8858b07f7c293c210?s=96&d=mm&r=g","caption":"Viktoria Rosta"},"url":"https:\/\/cdes.fr\/?author=92"}]}},"_links":{"self":[{"href":"https:\/\/cdes.fr\/index.php?rest_route=\/wp\/v2\/posts\/17755","targetHints":{"allow":["GET"]}}],"collection":[{"href":"https:\/\/cdes.fr\/index.php?rest_route=\/wp\/v2\/posts"}],"about":[{"href":"https:\/\/cdes.fr\/index.php?rest_route=\/wp\/v2\/types\/post"}],"author":[{"embeddable":true,"href":"https:\/\/cdes.fr\/index.php?rest_route=\/wp\/v2\/users\/92"}],"replies":[{"embeddable":true,"href":"https:\/\/cdes.fr\/index.php?rest_route=%2Fwp%2Fv2%2Fcomments&post=17755"}],"version-history":[{"count":4,"href":"https:\/\/cdes.fr\/index.php?rest_route=\/wp\/v2\/posts\/17755\/revisions"}],"predecessor-version":[{"id":17759,"href":"https:\/\/cdes.fr\/index.php?rest_route=\/wp\/v2\/posts\/17755\/revisions\/17759"}],"wp:featuredmedia":[{"embeddable":true,"href":"https:\/\/cdes.fr\/index.php?rest_route=\/wp\/v2\/media\/17753"}],"wp:attachment":[{"href":"https:\/\/cdes.fr\/index.php?rest_route=%2Fwp%2Fv2%2Fmedia&parent=17755"}],"wp:term":[{"taxonomy":"category","embeddable":true,"href":"https:\/\/cdes.fr\/index.php?rest_route=%2Fwp%2Fv2%2Fcategories&post=17755"},{"taxonomy":"post_tag","embeddable":true,"href":"https:\/\/cdes.fr\/index.php?rest_route=%2Fwp%2Fv2%2Ftags&post=17755"}],"curies":[{"name":"wp","href":"https:\/\/api.w.org\/{rel}","templated":true}]}}