{"id":17268,"date":"2025-07-09T17:30:00","date_gmt":"2025-07-09T15:30:00","guid":{"rendered":"https:\/\/cdes.fr\/?p=17268"},"modified":"2025-07-09T17:00:22","modified_gmt":"2025-07-09T15:00:22","slug":"liste-des-admis-de-la-14e-promotion-du-du-manager-general","status":"publish","type":"post","link":"https:\/\/cdes.fr\/?p=17268","title":{"rendered":"Liste des admis de la 14e promotion du DU Manager G\u00e9n\u00e9ral"},"content":{"rendered":"\t\t<div data-elementor-type=\"wp-post\" data-elementor-id=\"17268\" class=\"elementor elementor-17268\" data-elementor-post-type=\"post\">\n\t\t\t\t\t\t<section class=\"penci-section penci-disSticky penci-structure-10 elementor-section elementor-top-section elementor-element elementor-element-f364e7e elementor-section-boxed elementor-section-height-default elementor-section-height-default\" data-id=\"f364e7e\" data-element_type=\"section\">\n\t\t\t\t\t\t<div class=\"elementor-container elementor-column-gap-default\">\n\t\t\t\t\t<div class=\"penci-ercol-100 penci-ercol-order-1 penci-sticky-ct    elementor-column elementor-col-100 elementor-top-column elementor-element elementor-element-4efb99d\" data-id=\"4efb99d\" data-element_type=\"column\">\n\t\t\t<div class=\"elementor-widget-wrap elementor-element-populated\">\n\t\t\t\t\t\t<div class=\"elementor-element elementor-element-8893ce5 elementor-widget elementor-widget-image\" data-id=\"8893ce5\" data-element_type=\"widget\" data-widget_type=\"image.default\">\n\t\t\t\t<div class=\"elementor-widget-container\">\n\t\t\t\t\t\t\t\t\t\t\t\t\t\t\t<img fetchpriority=\"high\" decoding=\"async\" width=\"724\" height=\"1024\" src=\"https:\/\/cdes.fr\/wp-content\/uploads\/2025\/07\/MG-P14_Liste-1-724x1024.png\" class=\"attachment-large size-large wp-image-17281\" alt=\"\" srcset=\"https:\/\/cdes.fr\/wp-content\/uploads\/2025\/07\/MG-P14_Liste-1-724x1024.png 724w, https:\/\/cdes.fr\/wp-content\/uploads\/2025\/07\/MG-P14_Liste-1-212x300.png 212w, https:\/\/cdes.fr\/wp-content\/uploads\/2025\/07\/MG-P14_Liste-1-768x1086.png 768w, https:\/\/cdes.fr\/wp-content\/uploads\/2025\/07\/MG-P14_Liste-1-1086x1536.png 1086w, https:\/\/cdes.fr\/wp-content\/uploads\/2025\/07\/MG-P14_Liste-1-1448x2048.png 1448w, https:\/\/cdes.fr\/wp-content\/uploads\/2025\/07\/MG-P14_Liste-1-1170x1655.png 1170w, https:\/\/cdes.fr\/wp-content\/uploads\/2025\/07\/MG-P14_Liste-1-585x827.png 585w, https:\/\/cdes.fr\/wp-content\/uploads\/2025\/07\/MG-P14_Liste-1.png 1654w\" sizes=\"(max-width: 724px) 100vw, 724px\" \/>\t\t\t\t\t\t\t\t\t\t\t\t\t\t\t<\/div>\n\t\t\t\t<\/div>\n\t\t\t\t<div class=\"elementor-element elementor-element-d677b05 elementor-widget elementor-widget-text-editor\" data-id=\"d677b05\" data-element_type=\"widget\" data-widget_type=\"text-editor.default\">\n\t\t\t\t<div class=\"elementor-widget-container\">\n\t\t\t\t\t\t\t\t\t<h1 style=\"text-align: center;\"><span style=\"color: #5fcdcd;\">Bienvenue \u00e0 la 14\u00e8me promotion du DU Manager G\u00e9n\u00e9ral de club sportif professionnel !<\/span>\u00a0<\/h1>\t\t\t\t\t\t\t\t<\/div>\n\t\t\t\t<\/div>\n\t\t\t\t<div class=\"elementor-element elementor-element-5ed4708 elementor-widget elementor-widget-text-editor\" data-id=\"5ed4708\" data-element_type=\"widget\" data-widget_type=\"text-editor.default\">\n\t\t\t\t<div class=\"elementor-widget-container\">\n\t\t\t\t\t\t\t\t\t<p style=\"text-align: center;\">La s\u00e9lection d\u00e9finitive de la 14e promotion du <a href=\"https:\/\/cdes.fr\/?page_id=1197\">DU Manager G\u00e9n\u00e9ral de club sportif professionnel<\/a> <br \/>pour l\u2019ann\u00e9e 2025-2027 est connue.\u00a0<\/p><p style=\"text-align: center;\">Sur 51 candidatures, 21 ont \u00e9t\u00e9 retenues par le jury compos\u00e9 de 10 personnes <br \/>faisant partie de nos dipl\u00f4m\u00e9s et\/ou de nos partenaires<\/p><p style=\"text-align: center;\">\ud83d\udc4f<strong> F\u00e9licitations aux admis!<\/strong><br \/><em><span aria-hidden=\"true\">#<\/span>CDESLimoges\u00a0<span aria-hidden=\"true\">#<\/span>CDESFormation<\/em><\/p>\t\t\t\t\t\t\t\t<\/div>\n\t\t\t\t<\/div>\n\t\t\t\t\t<\/div>\n\t\t<\/div>\n\t\t\t\t\t<\/div>\n\t\t<\/section>\n\t\t\t\t<\/div>\n\t\t","protected":false},"excerpt":{"rendered":"<p>Bienvenue \u00e0 la 14\u00e8me promotion du DU Manager G\u00e9n\u00e9ral de club sportif professionnel !\u00a0 La s\u00e9lection d\u00e9finitive de la 14e promotion du DU Manager G\u00e9n\u00e9ral de club sportif professionnel pour l\u2019ann\u00e9e 2025-2027&hellip;<\/p>\n","protected":false},"author":92,"featured_media":17269,"comment_status":"closed","ping_status":"closed","sticky":false,"template":"","format":"standard","meta":{"_lmt_disableupdate":"","_lmt_disable":"","footnotes":"","beyondwords_generate_audio":"1","beyondwords_project_id":"45814","beyondwords_content_id":"b08b9c1d-96eb-4b0c-8f50-edcb66d16e52","beyondwords_preview_token":"a10daace-4646-41c3-b0de-e214df9f2b21","beyondwords_player_content":"","beyondwords_player_style":"","beyondwords_language_code":"","beyondwords_language_id":"","beyondwords_title_voice_id":"","beyondwords_body_voice_id":"","beyondwords_summary_voice_id":"","beyondwords_error_message":"","beyondwords_disabled":"","beyondwords_delete_content":"","beyondwords_podcast_id":"","beyondwords_hash":"","publish_post_to_speechkit":"","speechkit_hash":"","speechkit_generate_audio":"","speechkit_project_id":"","speechkit_podcast_id":"","speechkit_error_message":"","speechkit_disabled":"","speechkit_access_key":"","speechkit_error":"","speechkit_info":"","speechkit_response":"","speechkit_retries":"","speechkit_status":"","speechkit_updated_at":"","_speechkit_link":"","_speechkit_text":""},"categories":[7,1],"tags":[229,91,209,608,609,183],"class_list":["post-17268","post","type-post","status-publish","format-standard","has-post-thumbnail","hentry","category-formations","category-non-classifiee","tag-229","tag-actualite","tag-manager-general","tag-mg","tag-promotion-14","tag-sport"],"yoast_head":"<!-- This site is optimized with the Yoast SEO plugin v25.3.1 - https:\/\/yoast.com\/wordpress\/plugins\/seo\/ -->\n<title>Liste des admis de la 14e promotion du DU Manager G\u00e9n\u00e9ral - CDES<\/title>\n<meta name=\"robots\" content=\"index, follow, max-snippet:-1, max-image-preview:large, max-video-preview:-1\" \/>\n<link rel=\"canonical\" href=\"https:\/\/cdes.fr\/?p=17268\" \/>\n<meta property=\"og:locale\" content=\"fr_FR\" \/>\n<meta property=\"og:type\" content=\"article\" \/>\n<meta property=\"og:title\" content=\"Liste des admis de la 14e promotion du DU Manager G\u00e9n\u00e9ral - CDES\" \/>\n<meta property=\"og:description\" content=\"Bienvenue \u00e0 la 14\u00e8me promotion du DU Manager G\u00e9n\u00e9ral de club sportif professionnel !\u00a0 La s\u00e9lection d\u00e9finitive de la 14e promotion du DU Manager G\u00e9n\u00e9ral de club sportif professionnel pour l\u2019ann\u00e9e 2025-2027&hellip;\" \/>\n<meta property=\"og:url\" content=\"https:\/\/cdes.fr\/?p=17268\" \/>\n<meta property=\"og:site_name\" content=\"CDES\" \/>\n<meta property=\"article:published_time\" content=\"2025-07-09T15:30:00+00:00\" \/>\n<meta property=\"og:image\" content=\"https:\/\/cdes.fr\/wp-content\/uploads\/2025\/07\/Admission-MG-14.png\" \/>\n\t<meta property=\"og:image:width\" content=\"2160\" \/>\n\t<meta property=\"og:image:height\" content=\"1600\" \/>\n\t<meta property=\"og:image:type\" content=\"image\/png\" \/>\n<meta name=\"author\" content=\"Viktoria Rosta\" \/>\n<meta name=\"twitter:card\" content=\"summary_large_image\" \/>\n<meta name=\"twitter:label1\" content=\"\u00c9crit par\" \/>\n\t<meta name=\"twitter:data1\" content=\"Viktoria Rosta\" \/>\n\t<meta name=\"twitter:label2\" content=\"Dur\u00e9e de lecture estim\u00e9e\" \/>\n\t<meta name=\"twitter:data2\" content=\"1 minute\" \/>\n<script type=\"application\/ld+json\" class=\"yoast-schema-graph\">{\"@context\":\"https:\/\/schema.org\",\"@graph\":[{\"@type\":\"WebPage\",\"@id\":\"https:\/\/cdes.fr\/?p=17268\",\"url\":\"https:\/\/cdes.fr\/?p=17268\",\"name\":\"Liste des admis de la 14e promotion du DU Manager G\u00e9n\u00e9ral - CDES\",\"isPartOf\":{\"@id\":\"https:\/\/cdes.fr\/#website\"},\"primaryImageOfPage\":{\"@id\":\"https:\/\/cdes.fr\/?p=17268#primaryimage\"},\"image\":{\"@id\":\"https:\/\/cdes.fr\/?p=17268#primaryimage\"},\"thumbnailUrl\":\"https:\/\/cdes.fr\/wp-content\/uploads\/2025\/07\/Admission-MG-14.png\",\"datePublished\":\"2025-07-09T15:30:00+00:00\",\"author\":{\"@id\":\"https:\/\/cdes.fr\/#\/schema\/person\/3fd95d04f12a9edf5003ec0df19d43bc\"},\"breadcrumb\":{\"@id\":\"https:\/\/cdes.fr\/?p=17268#breadcrumb\"},\"inLanguage\":\"fr-FR\",\"potentialAction\":[{\"@type\":\"ReadAction\",\"target\":[\"https:\/\/cdes.fr\/?p=17268\"]}]},{\"@type\":\"ImageObject\",\"inLanguage\":\"fr-FR\",\"@id\":\"https:\/\/cdes.fr\/?p=17268#primaryimage\",\"url\":\"https:\/\/cdes.fr\/wp-content\/uploads\/2025\/07\/Admission-MG-14.png\",\"contentUrl\":\"https:\/\/cdes.fr\/wp-content\/uploads\/2025\/07\/Admission-MG-14.png\",\"width\":2160,\"height\":1600},{\"@type\":\"BreadcrumbList\",\"@id\":\"https:\/\/cdes.fr\/?p=17268#breadcrumb\",\"itemListElement\":[{\"@type\":\"ListItem\",\"position\":1,\"name\":\"Accueil\",\"item\":\"https:\/\/cdes.fr\/\"},{\"@type\":\"ListItem\",\"position\":2,\"name\":\"Liste des admis de la 14e promotion du DU Manager G\u00e9n\u00e9ral\"}]},{\"@type\":\"WebSite\",\"@id\":\"https:\/\/cdes.fr\/#website\",\"url\":\"https:\/\/cdes.fr\/\",\"name\":\"CDES\",\"description\":\"Centre de Droit et d&#039;Economie du Sport\",\"potentialAction\":[{\"@type\":\"SearchAction\",\"target\":{\"@type\":\"EntryPoint\",\"urlTemplate\":\"https:\/\/cdes.fr\/?s={search_term_string}\"},\"query-input\":{\"@type\":\"PropertyValueSpecification\",\"valueRequired\":true,\"valueName\":\"search_term_string\"}}],\"inLanguage\":\"fr-FR\"},{\"@type\":\"Person\",\"@id\":\"https:\/\/cdes.fr\/#\/schema\/person\/3fd95d04f12a9edf5003ec0df19d43bc\",\"name\":\"Viktoria Rosta\",\"image\":{\"@type\":\"ImageObject\",\"inLanguage\":\"fr-FR\",\"@id\":\"https:\/\/cdes.fr\/#\/schema\/person\/image\/\",\"url\":\"https:\/\/secure.gravatar.com\/avatar\/139dff69b1764c6ee4a6645c2ecf0b8ba8c5951b492b44d8858b07f7c293c210?s=96&d=mm&r=g\",\"contentUrl\":\"https:\/\/secure.gravatar.com\/avatar\/139dff69b1764c6ee4a6645c2ecf0b8ba8c5951b492b44d8858b07f7c293c210?s=96&d=mm&r=g\",\"caption\":\"Viktoria Rosta\"},\"url\":\"https:\/\/cdes.fr\/?author=92\"}]}<\/script>\n<!-- \/ Yoast SEO plugin. -->","yoast_head_json":{"title":"Liste des admis de la 14e promotion du DU Manager G\u00e9n\u00e9ral - CDES","robots":{"index":"index","follow":"follow","max-snippet":"max-snippet:-1","max-image-preview":"max-image-preview:large","max-video-preview":"max-video-preview:-1"},"canonical":"https:\/\/cdes.fr\/?p=17268","og_locale":"fr_FR","og_type":"article","og_title":"Liste des admis de la 14e promotion du DU Manager G\u00e9n\u00e9ral - CDES","og_description":"Bienvenue \u00e0 la 14\u00e8me promotion du DU Manager G\u00e9n\u00e9ral de club sportif professionnel !\u00a0 La s\u00e9lection d\u00e9finitive de la 14e promotion du DU Manager G\u00e9n\u00e9ral de club sportif professionnel pour l\u2019ann\u00e9e 2025-2027&hellip;","og_url":"https:\/\/cdes.fr\/?p=17268","og_site_name":"CDES","article_published_time":"2025-07-09T15:30:00+00:00","og_image":[{"width":2160,"height":1600,"url":"https:\/\/cdes.fr\/wp-content\/uploads\/2025\/07\/Admission-MG-14.png","type":"image\/png"}],"author":"Viktoria Rosta","twitter_card":"summary_large_image","twitter_misc":{"\u00c9crit par":"Viktoria Rosta","Dur\u00e9e de lecture estim\u00e9e":"1 minute"},"schema":{"@context":"https:\/\/schema.org","@graph":[{"@type":"WebPage","@id":"https:\/\/cdes.fr\/?p=17268","url":"https:\/\/cdes.fr\/?p=17268","name":"Liste des admis de la 14e promotion du DU Manager G\u00e9n\u00e9ral - CDES","isPartOf":{"@id":"https:\/\/cdes.fr\/#website"},"primaryImageOfPage":{"@id":"https:\/\/cdes.fr\/?p=17268#primaryimage"},"image":{"@id":"https:\/\/cdes.fr\/?p=17268#primaryimage"},"thumbnailUrl":"https:\/\/cdes.fr\/wp-content\/uploads\/2025\/07\/Admission-MG-14.png","datePublished":"2025-07-09T15:30:00+00:00","author":{"@id":"https:\/\/cdes.fr\/#\/schema\/person\/3fd95d04f12a9edf5003ec0df19d43bc"},"breadcrumb":{"@id":"https:\/\/cdes.fr\/?p=17268#breadcrumb"},"inLanguage":"fr-FR","potentialAction":[{"@type":"ReadAction","target":["https:\/\/cdes.fr\/?p=17268"]}]},{"@type":"ImageObject","inLanguage":"fr-FR","@id":"https:\/\/cdes.fr\/?p=17268#primaryimage","url":"https:\/\/cdes.fr\/wp-content\/uploads\/2025\/07\/Admission-MG-14.png","contentUrl":"https:\/\/cdes.fr\/wp-content\/uploads\/2025\/07\/Admission-MG-14.png","width":2160,"height":1600},{"@type":"BreadcrumbList","@id":"https:\/\/cdes.fr\/?p=17268#breadcrumb","itemListElement":[{"@type":"ListItem","position":1,"name":"Accueil","item":"https:\/\/cdes.fr\/"},{"@type":"ListItem","position":2,"name":"Liste des admis de la 14e promotion du DU Manager G\u00e9n\u00e9ral"}]},{"@type":"WebSite","@id":"https:\/\/cdes.fr\/#website","url":"https:\/\/cdes.fr\/","name":"CDES","description":"Centre de Droit et d&#039;Economie du Sport","potentialAction":[{"@type":"SearchAction","target":{"@type":"EntryPoint","urlTemplate":"https:\/\/cdes.fr\/?s={search_term_string}"},"query-input":{"@type":"PropertyValueSpecification","valueRequired":true,"valueName":"search_term_string"}}],"inLanguage":"fr-FR"},{"@type":"Person","@id":"https:\/\/cdes.fr\/#\/schema\/person\/3fd95d04f12a9edf5003ec0df19d43bc","name":"Viktoria Rosta","image":{"@type":"ImageObject","inLanguage":"fr-FR","@id":"https:\/\/cdes.fr\/#\/schema\/person\/image\/","url":"https:\/\/secure.gravatar.com\/avatar\/139dff69b1764c6ee4a6645c2ecf0b8ba8c5951b492b44d8858b07f7c293c210?s=96&d=mm&r=g","contentUrl":"https:\/\/secure.gravatar.com\/avatar\/139dff69b1764c6ee4a6645c2ecf0b8ba8c5951b492b44d8858b07f7c293c210?s=96&d=mm&r=g","caption":"Viktoria Rosta"},"url":"https:\/\/cdes.fr\/?author=92"}]}},"_links":{"self":[{"href":"https:\/\/cdes.fr\/index.php?rest_route=\/wp\/v2\/posts\/17268","targetHints":{"allow":["GET"]}}],"collection":[{"href":"https:\/\/cdes.fr\/index.php?rest_route=\/wp\/v2\/posts"}],"about":[{"href":"https:\/\/cdes.fr\/index.php?rest_route=\/wp\/v2\/types\/post"}],"author":[{"embeddable":true,"href":"https:\/\/cdes.fr\/index.php?rest_route=\/wp\/v2\/users\/92"}],"replies":[{"embeddable":true,"href":"https:\/\/cdes.fr\/index.php?rest_route=%2Fwp%2Fv2%2Fcomments&post=17268"}],"version-history":[{"count":14,"href":"https:\/\/cdes.fr\/index.php?rest_route=\/wp\/v2\/posts\/17268\/revisions"}],"predecessor-version":[{"id":17489,"href":"https:\/\/cdes.fr\/index.php?rest_route=\/wp\/v2\/posts\/17268\/revisions\/17489"}],"wp:featuredmedia":[{"embeddable":true,"href":"https:\/\/cdes.fr\/index.php?rest_route=\/wp\/v2\/media\/17269"}],"wp:attachment":[{"href":"https:\/\/cdes.fr\/index.php?rest_route=%2Fwp%2Fv2%2Fmedia&parent=17268"}],"wp:term":[{"taxonomy":"category","embeddable":true,"href":"https:\/\/cdes.fr\/index.php?rest_route=%2Fwp%2Fv2%2Fcategories&post=17268"},{"taxonomy":"post_tag","embeddable":true,"href":"https:\/\/cdes.fr\/index.php?rest_route=%2Fwp%2Fv2%2Ftags&post=17268"}],"curies":[{"name":"wp","href":"https:\/\/api.w.org\/{rel}","templated":true}]}}