{"id":16476,"date":"2025-03-04T15:15:12","date_gmt":"2025-03-04T14:15:12","guid":{"rendered":"https:\/\/cdes.fr\/?p=16476"},"modified":"2025-03-26T15:15:25","modified_gmt":"2025-03-26T14:15:25","slug":"ouverture-des-candidatures-promo-3-management-strategique-de-la-crise","status":"publish","type":"post","link":"https:\/\/cdes.fr\/?p=16476","title":{"rendered":"Ouverture des candidatures promo 3 &#8211; Management strat\u00e9gique de la crise"},"content":{"rendered":"\t\t<div data-elementor-type=\"wp-post\" data-elementor-id=\"16476\" class=\"elementor elementor-16476\" data-elementor-post-type=\"post\">\n\t\t\t\t\t\t<section class=\"penci-section penci-disSticky penci-structure-10 elementor-section elementor-top-section elementor-element elementor-element-33a2d365 elementor-section-boxed elementor-section-height-default elementor-section-height-default\" data-id=\"33a2d365\" data-element_type=\"section\">\n\t\t\t\t\t\t<div class=\"elementor-container elementor-column-gap-default\">\n\t\t\t\t\t<div class=\"penci-ercol-100 penci-ercol-order-1 penci-sticky-ct    elementor-column elementor-col-100 elementor-top-column elementor-element elementor-element-78dc7e44\" data-id=\"78dc7e44\" data-element_type=\"column\">\n\t\t\t<div class=\"elementor-widget-wrap elementor-element-populated\">\n\t\t\t\t\t\t<div class=\"elementor-element elementor-element-0b49c99 elementor-widget elementor-widget-heading\" data-id=\"0b49c99\" data-element_type=\"widget\" data-widget_type=\"heading.default\">\n\t\t\t\t<div class=\"elementor-widget-container\">\n\t\t\t\t\t<h2 class=\"elementor-heading-title elementor-size-default\">Ouverture des candidatures pour int\u00e9grer la 3\u00e8me promotion de la formation \n\u00ab Management Strat\u00e9gique de la Crise dans la fili\u00e8re sportive et \u00e9v\u00e8nementielle \u00bb\n<\/h2>\t\t\t\t<\/div>\n\t\t\t\t<\/div>\n\t\t\t\t<div class=\"elementor-element elementor-element-167c15e elementor-widget elementor-widget-text-editor\" data-id=\"167c15e\" data-element_type=\"widget\" data-widget_type=\"text-editor.default\">\n\t\t\t\t<div class=\"elementor-widget-container\">\n\t\t\t\t\t\t\t\t\t<p>Le CDES et son partenaire p\u00e9dagogique l\u2019Institut des Hautes Etudes du Minist\u00e8re de l\u2019Int\u00e9rieur (IHEMI) ouvrent les candidatures pour int\u00e9grer leur formation qualifiante d\u00e9di\u00e9e \u00e0 la Gestion de la Crise. \u00a0<\/p>\n<p>Cette formation s\u2019adresse \u00e0 des cadres de structures sportives, \u00e9v\u00e9nementielles, de loisirs, ou de la fonction publique territoriale ou d\u2019Etat, souhaitant acqu\u00e9rir une comp\u00e9tence additionnelle dans la pr\u00e9paration, la gestion et la r\u00e9silience face \u00e0 la crise. La crise est envisag\u00e9e sous forme holistique, aussi bien dans l\u2019organisation des manifestations, que sous ses aspects communication et image, data, technologique, ou climatique.\u00a0\u00a0<\/p>\n<p>Dirig\u00e9e par les experts en management de la crise de l\u2019IHEMI et l\u2019\u00e9quipe p\u00e9dagogique du CDES, elle se d\u00e9roulera dans les locaux de l\u2019Institut (Ecole militaire, Paris), de grandes infrastructures sportives fran\u00e7aises, ou des sites de r\u00e9f\u00e9rence hors sport (mus\u00e9e, h\u00f4pitaux, industrie\u2026).<\/p>\t\t\t\t\t\t\t\t<\/div>\n\t\t\t\t<\/div>\n\t\t\t\t<div class=\"elementor-element elementor-element-7d0400f elementor-widget elementor-widget-heading\" data-id=\"7d0400f\" data-element_type=\"widget\" data-widget_type=\"heading.default\">\n\t\t\t\t<div class=\"elementor-widget-container\">\n\t\t\t\t\t<h4 class=\"elementor-heading-title elementor-size-default\">Elle se fixe pour objectifs de :<\/h4>\t\t\t\t<\/div>\n\t\t\t\t<\/div>\n\t\t\t\t<div class=\"elementor-element elementor-element-4ab381e elementor-widget elementor-widget-text-editor\" data-id=\"4ab381e\" data-element_type=\"widget\" data-widget_type=\"text-editor.default\">\n\t\t\t\t<div class=\"elementor-widget-container\">\n\t\t\t\t\t\t\t\t\t<ul>\n<li>Identifier les diff\u00e9rentes \u00e9tapes et parties prenantes d\u2019une gestion de crise<\/li>\n<li>Capitaliser les retours d\u2019exp\u00e9rience sur la m\u00e9thodologie de gestion de crise, en les contextualisant \u00e0 son propre terrain d\u2019exercice<\/li>\n<li>Elaborer et mettre en \u0153uvre une strat\u00e9gie de communication de crise<\/li>\n<li>Traduire les enjeux li\u00e9s aux nouveaux risques et menaces pesant sur l\u2019organisation de manifestions publiques d\u2019envergure\u00a0 \u00a0 \u00a0 \u00a0 \u00a0 \u00a0 \u00a0 \u00a0 \u00a0 \u00a0 \u00a0 \u00a0 \u00a0 \u00a0 \u00a0 \u00a0 \u00a0 \u00a0 \u00a0 \u00a0 \u00a0 \u00a0 \u00a0 \u00a0 \u00a0 \u00a0<\/li>\n<li>Construire des r\u00e9ponses norm\u00e9es et efficaces selon le type de menaces ou risques pouvant advenir lors d\u2019une manifestation publique d\u2019envergure<\/li>\n<li>Interpr\u00e9ter les retours d\u2019exp\u00e9rience sur les enjeux de renseignement et la coordination de la s\u00e9curit\u00e9 sur les GESI (Jeux Olympiques, comp\u00e9titons internationales\u2026), et les manifestations d\u2019envergures<\/li>\n<li>Analyser le r\u00f4le des diff\u00e9rents acteurs et process de gestion de crise dans des situations autres que l\u2019organisation d\u2019\u00e9v\u00e8nements sportifs d\u2019envergure (culture, transports, sites de loisirs\u2026)<\/li>\n<li>Elaborer et mettre en \u0153uvre une strat\u00e9gie de crise, en coordonnant toutes les parties prenantes, lors d\u2019un \u00e9v\u00e8nement sportif d\u2019envergure (simulation de crise)<\/li>\n<\/ul>\t\t\t\t\t\t\t\t<\/div>\n\t\t\t\t<\/div>\n\t\t\t\t<div class=\"elementor-element elementor-element-668f44a elementor-widget elementor-widget-heading\" data-id=\"668f44a\" data-element_type=\"widget\" data-widget_type=\"heading.default\">\n\t\t\t\t<div class=\"elementor-widget-container\">\n\t\t\t\t\t<h4 class=\"elementor-heading-title elementor-size-default\">Le Programme<\/h4>\t\t\t\t<\/div>\n\t\t\t\t<\/div>\n\t\t\t\t<div class=\"elementor-element elementor-element-6bc593a elementor-widget elementor-widget-text-editor\" data-id=\"6bc593a\" data-element_type=\"widget\" data-widget_type=\"text-editor.default\">\n\t\t\t\t<div class=\"elementor-widget-container\">\n\t\t\t\t\t\t\t\t\t<ul><li><strong>Session 1<\/strong> (Paris, si\u00e8ge IHEMI) : 6-7-8 octobre 2025, pour \u00ab\u00a0<em>les aspects th\u00e9oriques et le dispositif de crise<\/em>\u00ab\u00a0<\/li><li><strong>Session 2<\/strong> (province \u2013 Lieu TBC) : 1-2-3 d\u00e9cembre 2025, pour \u00ab\u00a0<em>la communication de crise<\/em>\u00ab\u00a0<\/li><li><strong>Session 3<\/strong> (province \u2013 Lieu TBC) : 2-3-4 f\u00e9vrier 2026, pour \u00ab\u00a0<em>le sport face aux nouveaux risques de crise (cyberd\u00e9fense, data, changement climatique&#8230;)<\/em>\u00ab\u00a0<\/li><li><strong>Session 4<\/strong> (Paris, dont IHEMI) :\u00a0 6-7-8 avril 2026, pour \u00ab\u00a0<em>cas pratiques et outils<\/em>\u00ab\u00a0<\/li><\/ul>\t\t\t\t\t\t\t\t<\/div>\n\t\t\t\t<\/div>\n\t\t\t\t<div class=\"elementor-element elementor-element-ec38556 elementor-widget elementor-widget-heading\" data-id=\"ec38556\" data-element_type=\"widget\" data-widget_type=\"heading.default\">\n\t\t\t\t<div class=\"elementor-widget-container\">\n\t\t\t\t\t<h3 class=\"elementor-heading-title elementor-size-medium\">Cette formation peut donner lieu \u00e0 une prise en charge financi\u00e8re partielle relative \n\u00e0 la formation continue. <\/h3>\t\t\t\t<\/div>\n\t\t\t\t<\/div>\n\t\t\t\t<div class=\"elementor-element elementor-element-acc8fc3 elementor-align-center elementor-widget elementor-widget-button\" data-id=\"acc8fc3\" data-element_type=\"widget\" data-widget_type=\"button.default\">\n\t\t\t\t<div class=\"elementor-widget-container\">\n\t\t\t\t\t\t\t\t\t<div class=\"elementor-button-wrapper\">\n\t\t\t\t\t<a class=\"elementor-button elementor-button-link elementor-size-sm\" href=\"https:\/\/cdes.fr\/diplomes-et-formations\/gestion-de-la-crise\/\">\n\t\t\t\t\t\t<span class=\"elementor-button-content-wrapper\">\n\t\t\t\t\t\t\t\t\t<span class=\"elementor-button-text\">Plus d'informations sur la formation ici<\/span>\n\t\t\t\t\t<\/span>\n\t\t\t\t\t<\/a>\n\t\t\t\t<\/div>\n\t\t\t\t\t\t\t\t<\/div>\n\t\t\t\t<\/div>\n\t\t\t\t<div class=\"elementor-element elementor-element-8d67cda elementor-widget-divider--view-line elementor-widget elementor-widget-divider\" data-id=\"8d67cda\" data-element_type=\"widget\" data-widget_type=\"divider.default\">\n\t\t\t\t<div class=\"elementor-widget-container\">\n\t\t\t\t\t\t\t<div class=\"elementor-divider\">\n\t\t\t<span class=\"elementor-divider-separator\">\n\t\t\t\t\t\t<\/span>\n\t\t<\/div>\n\t\t\t\t\t\t<\/div>\n\t\t\t\t<\/div>\n\t\t\t\t<div class=\"elementor-element elementor-element-5375b42 elementor-widget elementor-widget-text-editor\" data-id=\"5375b42\" data-element_type=\"widget\" data-widget_type=\"text-editor.default\">\n\t\t\t\t<div class=\"elementor-widget-container\">\n\t\t\t\t\t\t\t\t\t<p>\ud83d\udcc6 Date limite de candidature :\u00a0\u00a0<strong>31 juillet 2025<\/strong><br \/>\ud83d\udcc1 Envoyez votre CV et une lettre de motivation<br \/>\ud83d\udce4\u00a0<strong><a href=\"mailto:bastide@cdes.fr\">bastide@cdes.fr<\/a> <\/strong><em>&#8211; avec l&rsquo;objet Inscription MSC3<\/em><\/p>\t\t\t\t\t\t\t\t<\/div>\n\t\t\t\t<\/div>\n\t\t\t\t<div class=\"elementor-element elementor-element-f89769a elementor-widget-divider--view-line elementor-widget elementor-widget-divider\" data-id=\"f89769a\" data-element_type=\"widget\" data-widget_type=\"divider.default\">\n\t\t\t\t<div class=\"elementor-widget-container\">\n\t\t\t\t\t\t\t<div class=\"elementor-divider\">\n\t\t\t<span class=\"elementor-divider-separator\">\n\t\t\t\t\t\t<\/span>\n\t\t<\/div>\n\t\t\t\t\t\t<\/div>\n\t\t\t\t<\/div>\n\t\t\t\t<section class=\"penci-section penci-disSticky penci-structure-20 elementor-section elementor-inner-section elementor-element elementor-element-ddfc927 elementor-section-boxed elementor-section-height-default elementor-section-height-default\" data-id=\"ddfc927\" data-element_type=\"section\">\n\t\t\t\t\t\t<div class=\"elementor-container elementor-column-gap-default\">\n\t\t\t\t\t<div class=\"penci-ercol-50 penci-ercol-order-1 penci-sticky-ct    elementor-column elementor-col-50 elementor-inner-column elementor-element elementor-element-5bf1eb0\" data-id=\"5bf1eb0\" data-element_type=\"column\">\n\t\t\t<div class=\"elementor-widget-wrap elementor-element-populated\">\n\t\t\t\t\t\t<div class=\"elementor-element elementor-element-9d2cb46 elementor-align-center elementor-widget elementor-widget-button\" data-id=\"9d2cb46\" data-element_type=\"widget\" data-widget_type=\"button.default\">\n\t\t\t\t<div class=\"elementor-widget-container\">\n\t\t\t\t\t\t\t\t\t<div class=\"elementor-button-wrapper\">\n\t\t\t\t\t<a class=\"elementor-button elementor-button-link elementor-size-md\" href=\"https:\/\/cdes.fr\/wp-content\/uploads\/2025\/02\/Brochure-MSC-.pdf\" target=\"_blank\">\n\t\t\t\t\t\t<span class=\"elementor-button-content-wrapper\">\n\t\t\t\t\t\t\t\t\t<span class=\"elementor-button-text\">Brochure de la formation<\/span>\n\t\t\t\t\t<\/span>\n\t\t\t\t\t<\/a>\n\t\t\t\t<\/div>\n\t\t\t\t\t\t\t\t<\/div>\n\t\t\t\t<\/div>\n\t\t\t\t\t<\/div>\n\t\t<\/div>\n\t\t\t\t<div class=\"penci-ercol-50 penci-ercol-order-2 penci-sticky-ct    elementor-column elementor-col-50 elementor-inner-column elementor-element elementor-element-3152ebe\" data-id=\"3152ebe\" data-element_type=\"column\">\n\t\t\t<div class=\"elementor-widget-wrap elementor-element-populated\">\n\t\t\t\t\t\t<div class=\"elementor-element elementor-element-c6794a2 elementor-align-center elementor-widget elementor-widget-button\" data-id=\"c6794a2\" data-element_type=\"widget\" data-widget_type=\"button.default\">\n\t\t\t\t<div class=\"elementor-widget-container\">\n\t\t\t\t\t\t\t\t\t<div class=\"elementor-button-wrapper\">\n\t\t\t\t\t<a class=\"elementor-button elementor-button-link elementor-size-md\" href=\"https:\/\/cdes.fr\/wp-content\/uploads\/2025\/02\/Presentation_FormationGestionCrise_IHEMI_CDES_2526_P3.pdf\" target=\"_blank\">\n\t\t\t\t\t\t<span class=\"elementor-button-content-wrapper\">\n\t\t\t\t\t\t\t\t\t<span class=\"elementor-button-text\">Pr\u00e9sentation de la formation<\/span>\n\t\t\t\t\t<\/span>\n\t\t\t\t\t<\/a>\n\t\t\t\t<\/div>\n\t\t\t\t\t\t\t\t<\/div>\n\t\t\t\t<\/div>\n\t\t\t\t\t<\/div>\n\t\t<\/div>\n\t\t\t\t\t<\/div>\n\t\t<\/section>\n\t\t\t\t<div class=\"elementor-element elementor-element-b445b36 elementor-widget-divider--view-line elementor-widget elementor-widget-divider\" data-id=\"b445b36\" data-element_type=\"widget\" data-widget_type=\"divider.default\">\n\t\t\t\t<div class=\"elementor-widget-container\">\n\t\t\t\t\t\t\t<div class=\"elementor-divider\">\n\t\t\t<span class=\"elementor-divider-separator\">\n\t\t\t\t\t\t<\/span>\n\t\t<\/div>\n\t\t\t\t\t\t<\/div>\n\t\t\t\t<\/div>\n\t\t\t\t<div class=\"elementor-element elementor-element-796f914 elementor-widget elementor-widget-heading\" data-id=\"796f914\" data-element_type=\"widget\" data-widget_type=\"heading.default\">\n\t\t\t\t<div class=\"elementor-widget-container\">\n\t\t\t\t\t<h2 class=\"elementor-heading-title elementor-size-default\">Remplissez le formulaire de pr\u00e9-inscription :<\/h2>\t\t\t\t<\/div>\n\t\t\t\t<\/div>\n\t\t\t\t<div class=\"elementor-element elementor-element-df53281 elementor-align-center elementor-widget elementor-widget-button\" data-id=\"df53281\" data-element_type=\"widget\" data-widget_type=\"button.default\">\n\t\t\t\t<div class=\"elementor-widget-container\">\n\t\t\t\t\t\t\t\t\t<div class=\"elementor-button-wrapper\">\n\t\t\t\t\t<a class=\"elementor-button elementor-button-link elementor-size-lg\" href=\"https:\/\/cdes.fr\/wp-content\/uploads\/2025\/03\/MCS3_-Fiche-inscription.pdf\" target=\"_blank\">\n\t\t\t\t\t\t<span class=\"elementor-button-content-wrapper\">\n\t\t\t\t\t\t\t\t\t<span class=\"elementor-button-text\">Formulaire de pr\u00e9-inscription<\/span>\n\t\t\t\t\t<\/span>\n\t\t\t\t\t<\/a>\n\t\t\t\t<\/div>\n\t\t\t\t\t\t\t\t<\/div>\n\t\t\t\t<\/div>\n\t\t\t\t\t<\/div>\n\t\t<\/div>\n\t\t\t\t\t<\/div>\n\t\t<\/section>\n\t\t\t\t<\/div>\n\t\t","protected":false},"excerpt":{"rendered":"<p>Ouverture des candidatures pour int\u00e9grer la 3\u00e8me promotion de la formation \u00ab Management Strat\u00e9gique de la Crise dans la fili\u00e8re sportive et \u00e9v\u00e8nementielle \u00bb Le CDES et son partenaire p\u00e9dagogique l\u2019Institut des&hellip;<\/p>\n","protected":false},"author":92,"featured_media":16470,"comment_status":"closed","ping_status":"closed","sticky":false,"template":"","format":"standard","meta":{"_lmt_disableupdate":"","_lmt_disable":"","footnotes":"","beyondwords_generate_audio":"1","beyondwords_project_id":"45814","beyondwords_content_id":"19f41bf9-9f9b-4e9c-a2b3-faf70a86f22d","beyondwords_preview_token":"805be0a3-178f-4b72-b346-76a96f736d19","beyondwords_player_content":"","beyondwords_player_style":"","beyondwords_language_code":"","beyondwords_language_id":"","beyondwords_title_voice_id":"","beyondwords_body_voice_id":"","beyondwords_summary_voice_id":"","beyondwords_error_message":"","beyondwords_disabled":"","beyondwords_delete_content":"","beyondwords_podcast_id":"19f41bf9-9f9b-4e9c-a2b3-faf70a86f22d","beyondwords_hash":"","publish_post_to_speechkit":"","speechkit_hash":"","speechkit_generate_audio":"","speechkit_project_id":"","speechkit_podcast_id":"","speechkit_error_message":"","speechkit_disabled":"","speechkit_access_key":"","speechkit_error":"","speechkit_info":"","speechkit_response":"","speechkit_retries":"","speechkit_status":"","speechkit_updated_at":"","_speechkit_link":"","_speechkit_text":""},"categories":[7],"tags":[229,91,68,34,70,183],"class_list":["post-16476","post","type-post","status-publish","format-standard","has-post-thumbnail","hentry","category-formations","tag-229","tag-actualite","tag-droit-du-sport","tag-economie","tag-economie-du-sport","tag-sport"],"yoast_head":"<!-- This site is optimized with the Yoast SEO plugin v25.3.1 - https:\/\/yoast.com\/wordpress\/plugins\/seo\/ -->\n<title>Ouverture des candidatures promo 3 - Management strat\u00e9gique de la crise - CDES<\/title>\n<meta name=\"robots\" content=\"index, follow, max-snippet:-1, max-image-preview:large, max-video-preview:-1\" \/>\n<link rel=\"canonical\" href=\"https:\/\/cdes.fr\/?p=16476\" \/>\n<meta property=\"og:locale\" content=\"fr_FR\" \/>\n<meta property=\"og:type\" content=\"article\" \/>\n<meta property=\"og:title\" content=\"Ouverture des candidatures promo 3 - Management strat\u00e9gique de la crise - CDES\" \/>\n<meta property=\"og:description\" content=\"Ouverture des candidatures pour int\u00e9grer la 3\u00e8me promotion de la formation \u00ab Management Strat\u00e9gique de la Crise dans la fili\u00e8re sportive et \u00e9v\u00e8nementielle \u00bb Le CDES et son partenaire p\u00e9dagogique l\u2019Institut des&hellip;\" \/>\n<meta property=\"og:url\" content=\"https:\/\/cdes.fr\/?p=16476\" \/>\n<meta property=\"og:site_name\" content=\"CDES\" \/>\n<meta property=\"article:published_time\" content=\"2025-03-04T14:15:12+00:00\" \/>\n<meta property=\"article:modified_time\" content=\"2025-03-26T14:15:25+00:00\" \/>\n<meta property=\"og:image\" content=\"https:\/\/cdes.fr\/wp-content\/uploads\/2025\/02\/MSC-site-internet-2.png\" \/>\n\t<meta property=\"og:image:width\" content=\"1080\" \/>\n\t<meta property=\"og:image:height\" content=\"1920\" \/>\n\t<meta property=\"og:image:type\" content=\"image\/png\" \/>\n<meta name=\"author\" content=\"Viktoria Rosta\" \/>\n<meta name=\"twitter:card\" content=\"summary_large_image\" \/>\n<meta name=\"twitter:label1\" content=\"\u00c9crit par\" \/>\n\t<meta name=\"twitter:data1\" content=\"Viktoria Rosta\" \/>\n\t<meta name=\"twitter:label2\" content=\"Dur\u00e9e de lecture estim\u00e9e\" \/>\n\t<meta name=\"twitter:data2\" content=\"3 minutes\" \/>\n<script type=\"application\/ld+json\" class=\"yoast-schema-graph\">{\"@context\":\"https:\/\/schema.org\",\"@graph\":[{\"@type\":\"WebPage\",\"@id\":\"https:\/\/cdes.fr\/?p=16476\",\"url\":\"https:\/\/cdes.fr\/?p=16476\",\"name\":\"Ouverture des candidatures promo 3 - Management strat\u00e9gique de la crise - CDES\",\"isPartOf\":{\"@id\":\"https:\/\/cdes.fr\/#website\"},\"primaryImageOfPage\":{\"@id\":\"https:\/\/cdes.fr\/?p=16476#primaryimage\"},\"image\":{\"@id\":\"https:\/\/cdes.fr\/?p=16476#primaryimage\"},\"thumbnailUrl\":\"https:\/\/cdes.fr\/wp-content\/uploads\/2025\/02\/MSC-site-internet-2.png\",\"datePublished\":\"2025-03-04T14:15:12+00:00\",\"dateModified\":\"2025-03-26T14:15:25+00:00\",\"author\":{\"@id\":\"https:\/\/cdes.fr\/#\/schema\/person\/3fd95d04f12a9edf5003ec0df19d43bc\"},\"breadcrumb\":{\"@id\":\"https:\/\/cdes.fr\/?p=16476#breadcrumb\"},\"inLanguage\":\"fr-FR\",\"potentialAction\":[{\"@type\":\"ReadAction\",\"target\":[\"https:\/\/cdes.fr\/?p=16476\"]}]},{\"@type\":\"ImageObject\",\"inLanguage\":\"fr-FR\",\"@id\":\"https:\/\/cdes.fr\/?p=16476#primaryimage\",\"url\":\"https:\/\/cdes.fr\/wp-content\/uploads\/2025\/02\/MSC-site-internet-2.png\",\"contentUrl\":\"https:\/\/cdes.fr\/wp-content\/uploads\/2025\/02\/MSC-site-internet-2.png\",\"width\":1080,\"height\":1920},{\"@type\":\"BreadcrumbList\",\"@id\":\"https:\/\/cdes.fr\/?p=16476#breadcrumb\",\"itemListElement\":[{\"@type\":\"ListItem\",\"position\":1,\"name\":\"Accueil\",\"item\":\"https:\/\/cdes.fr\/\"},{\"@type\":\"ListItem\",\"position\":2,\"name\":\"Ouverture des candidatures promo 3 &#8211; Management strat\u00e9gique de la crise\"}]},{\"@type\":\"WebSite\",\"@id\":\"https:\/\/cdes.fr\/#website\",\"url\":\"https:\/\/cdes.fr\/\",\"name\":\"CDES\",\"description\":\"Centre de Droit et d&#039;Economie du Sport\",\"potentialAction\":[{\"@type\":\"SearchAction\",\"target\":{\"@type\":\"EntryPoint\",\"urlTemplate\":\"https:\/\/cdes.fr\/?s={search_term_string}\"},\"query-input\":{\"@type\":\"PropertyValueSpecification\",\"valueRequired\":true,\"valueName\":\"search_term_string\"}}],\"inLanguage\":\"fr-FR\"},{\"@type\":\"Person\",\"@id\":\"https:\/\/cdes.fr\/#\/schema\/person\/3fd95d04f12a9edf5003ec0df19d43bc\",\"name\":\"Viktoria Rosta\",\"image\":{\"@type\":\"ImageObject\",\"inLanguage\":\"fr-FR\",\"@id\":\"https:\/\/cdes.fr\/#\/schema\/person\/image\/\",\"url\":\"https:\/\/secure.gravatar.com\/avatar\/139dff69b1764c6ee4a6645c2ecf0b8ba8c5951b492b44d8858b07f7c293c210?s=96&d=mm&r=g\",\"contentUrl\":\"https:\/\/secure.gravatar.com\/avatar\/139dff69b1764c6ee4a6645c2ecf0b8ba8c5951b492b44d8858b07f7c293c210?s=96&d=mm&r=g\",\"caption\":\"Viktoria Rosta\"},\"url\":\"https:\/\/cdes.fr\/?author=92\"}]}<\/script>\n<!-- \/ Yoast SEO plugin. -->","yoast_head_json":{"title":"Ouverture des candidatures promo 3 - Management strat\u00e9gique de la crise - CDES","robots":{"index":"index","follow":"follow","max-snippet":"max-snippet:-1","max-image-preview":"max-image-preview:large","max-video-preview":"max-video-preview:-1"},"canonical":"https:\/\/cdes.fr\/?p=16476","og_locale":"fr_FR","og_type":"article","og_title":"Ouverture des candidatures promo 3 - Management strat\u00e9gique de la crise - CDES","og_description":"Ouverture des candidatures pour int\u00e9grer la 3\u00e8me promotion de la formation \u00ab Management Strat\u00e9gique de la Crise dans la fili\u00e8re sportive et \u00e9v\u00e8nementielle \u00bb Le CDES et son partenaire p\u00e9dagogique l\u2019Institut des&hellip;","og_url":"https:\/\/cdes.fr\/?p=16476","og_site_name":"CDES","article_published_time":"2025-03-04T14:15:12+00:00","article_modified_time":"2025-03-26T14:15:25+00:00","og_image":[{"width":1080,"height":1920,"url":"https:\/\/cdes.fr\/wp-content\/uploads\/2025\/02\/MSC-site-internet-2.png","type":"image\/png"}],"author":"Viktoria Rosta","twitter_card":"summary_large_image","twitter_misc":{"\u00c9crit par":"Viktoria Rosta","Dur\u00e9e de lecture estim\u00e9e":"3 minutes"},"schema":{"@context":"https:\/\/schema.org","@graph":[{"@type":"WebPage","@id":"https:\/\/cdes.fr\/?p=16476","url":"https:\/\/cdes.fr\/?p=16476","name":"Ouverture des candidatures promo 3 - Management strat\u00e9gique de la crise - CDES","isPartOf":{"@id":"https:\/\/cdes.fr\/#website"},"primaryImageOfPage":{"@id":"https:\/\/cdes.fr\/?p=16476#primaryimage"},"image":{"@id":"https:\/\/cdes.fr\/?p=16476#primaryimage"},"thumbnailUrl":"https:\/\/cdes.fr\/wp-content\/uploads\/2025\/02\/MSC-site-internet-2.png","datePublished":"2025-03-04T14:15:12+00:00","dateModified":"2025-03-26T14:15:25+00:00","author":{"@id":"https:\/\/cdes.fr\/#\/schema\/person\/3fd95d04f12a9edf5003ec0df19d43bc"},"breadcrumb":{"@id":"https:\/\/cdes.fr\/?p=16476#breadcrumb"},"inLanguage":"fr-FR","potentialAction":[{"@type":"ReadAction","target":["https:\/\/cdes.fr\/?p=16476"]}]},{"@type":"ImageObject","inLanguage":"fr-FR","@id":"https:\/\/cdes.fr\/?p=16476#primaryimage","url":"https:\/\/cdes.fr\/wp-content\/uploads\/2025\/02\/MSC-site-internet-2.png","contentUrl":"https:\/\/cdes.fr\/wp-content\/uploads\/2025\/02\/MSC-site-internet-2.png","width":1080,"height":1920},{"@type":"BreadcrumbList","@id":"https:\/\/cdes.fr\/?p=16476#breadcrumb","itemListElement":[{"@type":"ListItem","position":1,"name":"Accueil","item":"https:\/\/cdes.fr\/"},{"@type":"ListItem","position":2,"name":"Ouverture des candidatures promo 3 &#8211; Management strat\u00e9gique de la crise"}]},{"@type":"WebSite","@id":"https:\/\/cdes.fr\/#website","url":"https:\/\/cdes.fr\/","name":"CDES","description":"Centre de Droit et d&#039;Economie du Sport","potentialAction":[{"@type":"SearchAction","target":{"@type":"EntryPoint","urlTemplate":"https:\/\/cdes.fr\/?s={search_term_string}"},"query-input":{"@type":"PropertyValueSpecification","valueRequired":true,"valueName":"search_term_string"}}],"inLanguage":"fr-FR"},{"@type":"Person","@id":"https:\/\/cdes.fr\/#\/schema\/person\/3fd95d04f12a9edf5003ec0df19d43bc","name":"Viktoria Rosta","image":{"@type":"ImageObject","inLanguage":"fr-FR","@id":"https:\/\/cdes.fr\/#\/schema\/person\/image\/","url":"https:\/\/secure.gravatar.com\/avatar\/139dff69b1764c6ee4a6645c2ecf0b8ba8c5951b492b44d8858b07f7c293c210?s=96&d=mm&r=g","contentUrl":"https:\/\/secure.gravatar.com\/avatar\/139dff69b1764c6ee4a6645c2ecf0b8ba8c5951b492b44d8858b07f7c293c210?s=96&d=mm&r=g","caption":"Viktoria Rosta"},"url":"https:\/\/cdes.fr\/?author=92"}]}},"_links":{"self":[{"href":"https:\/\/cdes.fr\/index.php?rest_route=\/wp\/v2\/posts\/16476","targetHints":{"allow":["GET"]}}],"collection":[{"href":"https:\/\/cdes.fr\/index.php?rest_route=\/wp\/v2\/posts"}],"about":[{"href":"https:\/\/cdes.fr\/index.php?rest_route=\/wp\/v2\/types\/post"}],"author":[{"embeddable":true,"href":"https:\/\/cdes.fr\/index.php?rest_route=\/wp\/v2\/users\/92"}],"replies":[{"embeddable":true,"href":"https:\/\/cdes.fr\/index.php?rest_route=%2Fwp%2Fv2%2Fcomments&post=16476"}],"version-history":[{"count":62,"href":"https:\/\/cdes.fr\/index.php?rest_route=\/wp\/v2\/posts\/16476\/revisions"}],"predecessor-version":[{"id":16636,"href":"https:\/\/cdes.fr\/index.php?rest_route=\/wp\/v2\/posts\/16476\/revisions\/16636"}],"wp:featuredmedia":[{"embeddable":true,"href":"https:\/\/cdes.fr\/index.php?rest_route=\/wp\/v2\/media\/16470"}],"wp:attachment":[{"href":"https:\/\/cdes.fr\/index.php?rest_route=%2Fwp%2Fv2%2Fmedia&parent=16476"}],"wp:term":[{"taxonomy":"category","embeddable":true,"href":"https:\/\/cdes.fr\/index.php?rest_route=%2Fwp%2Fv2%2Fcategories&post=16476"},{"taxonomy":"post_tag","embeddable":true,"href":"https:\/\/cdes.fr\/index.php?rest_route=%2Fwp%2Fv2%2Ftags&post=16476"}],"curies":[{"name":"wp","href":"https:\/\/api.w.org\/{rel}","templated":true}]}}