{"id":16356,"date":"2025-02-10T17:30:00","date_gmt":"2025-02-10T16:30:00","guid":{"rendered":"https:\/\/cdes.fr\/?p=16356"},"modified":"2025-02-10T17:13:31","modified_gmt":"2025-02-10T16:13:31","slug":"lancement-de-la-formation-referents-supporters","status":"publish","type":"post","link":"https:\/\/cdes.fr\/?p=16356","title":{"rendered":"Lancement de la formation R\u00e9f\u00e9rents Supporters"},"content":{"rendered":"\t\t<div data-elementor-type=\"wp-post\" data-elementor-id=\"16356\" class=\"elementor elementor-16356\" data-elementor-post-type=\"post\">\n\t\t\t\t\t\t<section class=\"penci-section penci-disSticky penci-structure-10 elementor-section elementor-top-section elementor-element elementor-element-272bd6c elementor-section-boxed elementor-section-height-default elementor-section-height-default\" data-id=\"272bd6c\" data-element_type=\"section\">\n\t\t\t\t\t\t<div class=\"elementor-container elementor-column-gap-default\">\n\t\t\t\t\t<div class=\"penci-ercol-100 penci-ercol-order-1 penci-sticky-ct    elementor-column elementor-col-100 elementor-top-column elementor-element elementor-element-4ca3f1b\" data-id=\"4ca3f1b\" data-element_type=\"column\">\n\t\t\t<div class=\"elementor-widget-wrap elementor-element-populated\">\n\t\t\t\t\t\t<div class=\"elementor-element elementor-element-13baa08 elementor-widget elementor-widget-heading\" data-id=\"13baa08\" data-element_type=\"widget\" data-widget_type=\"heading.default\">\n\t\t\t\t<div class=\"elementor-widget-container\">\n\t\t\t\t\t<h1 class=\"elementor-heading-title elementor-size-default\">Rejoignez la premi\u00e8re formation d\u2019un an pour les R\u00e9f\u00e9rents Supporters d\u00e9di\u00e9e au football en France !<\/h1>\t\t\t\t<\/div>\n\t\t\t\t<\/div>\n\t\t\t\t<div class=\"elementor-element elementor-element-c78fa4b elementor-widget elementor-widget-text-editor\" data-id=\"c78fa4b\" data-element_type=\"widget\" data-widget_type=\"text-editor.default\">\n\t\t\t\t<div class=\"elementor-widget-container\">\n\t\t\t\t\t\t\t\t\t<p>Le CDES, dans le cadre d\u2019un projet Erasmus+ port\u00e9 par FSE, lance une toute nouvelle formation \u00e0 destination des R\u00e9f\u00e9rents Supporters en poste dans les clubs de Ligue 1 et de Ligue 2. Cette derni\u00e8re sera dirig\u00e9e par Arthur Roudaut et Jean-Fran\u00e7ois Brocard.<\/p><p>La premi\u00e8re promotion sera form\u00e9e au c\u0153ur des grandes institutions du football fran\u00e7ais puisqu\u2019elle sera re\u00e7ue au Minist\u00e8re des Sports, \u00e0 la Ligue de Football Professionnel et \u00e0 la F\u00e9d\u00e9ration Fran\u00e7aise de Football.<\/p><p>Cette formation est d\u00e9livr\u00e9e dans le cadre d&rsquo;un programme Erasmus+ (Towards the Professional Development of SLOs) et est co-financ\u00e9e par la European Commission. Elle ne peut donner lieu \u00e0 aucune prise en charge financi\u00e8re relative \u00e0 la formation continue.\u00a0<\/p><p><strong>Elle a <span style=\"text-decoration: underline;\">trois objectifs<\/span> :<\/strong><\/p><ul><li>Renforcer le d\u00e9veloppement et la professionnalisation du m\u00e9tier de R\u00e9f\u00e9rent supporters (RS) en France<\/li><li>Transmettre aux RS un corpus de connaissances et comp\u00e9tences n\u00e9cessaires \u00e0 l&rsquo;exercice de leurs fonctions<\/li><li>Contribuer au d\u00e9veloppement d&rsquo;un r\u00e9seau professionnel de RS fran\u00e7ais<\/li><\/ul><p><strong>Le programme :<\/strong><\/p><ul><li>Module 1 : <em>Situer le RS au sein de l\u2019\u00e9cosyst\u00e8me du support\u00e9risme<\/em> (26 et 27 mars)<\/li><li>Module 2 : <em>Comprendre le cadre l\u00e9gislatif national<\/em> (1au 2 juillet)<\/li><li>Module 3 : <em>Promouvoir et assurer un environnement s\u00e9curis\u00e9 pour tous<\/em> (Octobre 2025)<\/li><li>Module 4 : <em>Appr\u00e9hender la gestion des matchs europ\u00e9ens et internationaux<\/em> (Janvier 2026)<\/li><\/ul>\t\t\t\t\t\t\t\t<\/div>\n\t\t\t\t<\/div>\n\t\t\t\t<div class=\"elementor-element elementor-element-be61393 elementor-widget-divider--view-line elementor-widget elementor-widget-divider\" data-id=\"be61393\" data-element_type=\"widget\" data-widget_type=\"divider.default\">\n\t\t\t\t<div class=\"elementor-widget-container\">\n\t\t\t\t\t\t\t<div class=\"elementor-divider\">\n\t\t\t<span class=\"elementor-divider-separator\">\n\t\t\t\t\t\t<\/span>\n\t\t<\/div>\n\t\t\t\t\t\t<\/div>\n\t\t\t\t<\/div>\n\t\t\t\t<div class=\"elementor-element elementor-element-a00d20f elementor-widget elementor-widget-text-editor\" data-id=\"a00d20f\" data-element_type=\"widget\" data-widget_type=\"text-editor.default\">\n\t\t\t\t<div class=\"elementor-widget-container\">\n\t\t\t\t\t\t\t\t\t<p style=\"text-align: center;\">\ud83d\udcc6 Date limite de candidature :\u00a0 <span style=\"text-decoration-line: underline;\"><strong>samedi 1 mars 2025<\/strong><\/span><br \/>\ud83d\udcc1 Envoyez votre CV et une lettre de motivation<br \/>\ud83d\udce4 <b><a href=\"mailto:roudaut@cdes.fr\" data-test-app-aware-link=\"\">roudaut@cdes.fr<\/a><\/b> et <strong><a href=\"mailto:brocard@cdes.fr\">brocard@cdes.fr<\/a><\/strong><\/p>\t\t\t\t\t\t\t\t<\/div>\n\t\t\t\t<\/div>\n\t\t\t\t<div class=\"elementor-element elementor-element-f0fd599 elementor-widget-divider--view-line elementor-widget elementor-widget-divider\" data-id=\"f0fd599\" data-element_type=\"widget\" data-widget_type=\"divider.default\">\n\t\t\t\t<div class=\"elementor-widget-container\">\n\t\t\t\t\t\t\t<div class=\"elementor-divider\">\n\t\t\t<span class=\"elementor-divider-separator\">\n\t\t\t\t\t\t<\/span>\n\t\t<\/div>\n\t\t\t\t\t\t<\/div>\n\t\t\t\t<\/div>\n\t\t\t\t\t<\/div>\n\t\t<\/div>\n\t\t\t\t\t<\/div>\n\t\t<\/section>\n\t\t\t\t<section class=\"penci-section penci-disSticky penci-structure-10 elementor-section elementor-top-section elementor-element elementor-element-44b4ec6 elementor-section-boxed elementor-section-height-default elementor-section-height-default\" data-id=\"44b4ec6\" data-element_type=\"section\">\n\t\t\t\t\t\t<div class=\"elementor-container elementor-column-gap-default\">\n\t\t\t\t\t<div class=\"penci-ercol-100 penci-ercol-order-1 penci-sticky-ct    elementor-column elementor-col-100 elementor-top-column elementor-element elementor-element-6b36f35\" data-id=\"6b36f35\" data-element_type=\"column\">\n\t\t\t<div class=\"elementor-widget-wrap elementor-element-populated\">\n\t\t\t\t\t\t<div class=\"elementor-element elementor-element-4e303b5 elementor-arrows-position-inside elementor-pagination-position-outside elementor-widget elementor-widget-image-carousel\" data-id=\"4e303b5\" data-element_type=\"widget\" data-settings=\"{&quot;slides_to_show&quot;:&quot;1&quot;,&quot;navigation&quot;:&quot;both&quot;,&quot;autoplay&quot;:&quot;yes&quot;,&quot;pause_on_hover&quot;:&quot;yes&quot;,&quot;pause_on_interaction&quot;:&quot;yes&quot;,&quot;autoplay_speed&quot;:5000,&quot;infinite&quot;:&quot;yes&quot;,&quot;effect&quot;:&quot;slide&quot;,&quot;speed&quot;:500}\" data-widget_type=\"image-carousel.default\">\n\t\t\t\t<div class=\"elementor-widget-container\">\n\t\t\t\t\t\t\t<div class=\"elementor-image-carousel-wrapper swiper\" role=\"region\" aria-roledescription=\"carousel\" aria-label=\"Carrousel d\u2019images\" dir=\"ltr\">\n\t\t\t<div class=\"elementor-image-carousel swiper-wrapper\" aria-live=\"off\">\n\t\t\t\t\t\t\t\t<div class=\"swiper-slide\" role=\"group\" aria-roledescription=\"slide\" aria-label=\"1 sur 4\"><figure class=\"swiper-slide-inner\"><img decoding=\"async\" class=\"swiper-slide-image\" src=\"https:\/\/cdes.fr\/wp-content\/uploads\/2025\/02\/brochure-com-SLO-1-722x1024.png\" alt=\"brochure com - SLO\" \/><\/figure><\/div><div class=\"swiper-slide\" role=\"group\" aria-roledescription=\"slide\" aria-label=\"2 sur 4\"><figure class=\"swiper-slide-inner\"><img decoding=\"async\" class=\"swiper-slide-image\" src=\"https:\/\/cdes.fr\/wp-content\/uploads\/2025\/02\/SLO-2-721x1024.png\" alt=\"SLO 2\" \/><\/figure><\/div><div class=\"swiper-slide\" role=\"group\" aria-roledescription=\"slide\" aria-label=\"3 sur 4\"><figure class=\"swiper-slide-inner\"><img decoding=\"async\" class=\"swiper-slide-image\" src=\"https:\/\/cdes.fr\/wp-content\/uploads\/2025\/02\/SLO-3-721x1024.png\" alt=\"SLO 3\" \/><\/figure><\/div><div class=\"swiper-slide\" role=\"group\" aria-roledescription=\"slide\" aria-label=\"4 sur 4\"><figure class=\"swiper-slide-inner\"><img decoding=\"async\" class=\"swiper-slide-image\" src=\"https:\/\/cdes.fr\/wp-content\/uploads\/2025\/02\/SLO-4-721x1024.png\" alt=\"SLO 4\" \/><\/figure><\/div>\t\t\t<\/div>\n\t\t\t\t\t\t\t\t\t\t\t\t<div class=\"elementor-swiper-button elementor-swiper-button-prev\" role=\"button\" tabindex=\"0\">\n\t\t\t\t\t\t<i aria-hidden=\"true\" class=\"eicon-chevron-left\"><\/i>\t\t\t\t\t<\/div>\n\t\t\t\t\t<div class=\"elementor-swiper-button elementor-swiper-button-next\" role=\"button\" tabindex=\"0\">\n\t\t\t\t\t\t<i aria-hidden=\"true\" class=\"eicon-chevron-right\"><\/i>\t\t\t\t\t<\/div>\n\t\t\t\t\n\t\t\t\t\t\t\t\t\t<div class=\"swiper-pagination\"><\/div>\n\t\t\t\t\t\t\t\t\t<\/div>\n\t\t\t\t\t\t<\/div>\n\t\t\t\t<\/div>\n\t\t\t\t<div class=\"elementor-element elementor-element-23b8e17 elementor-align-center elementor-widget elementor-widget-button\" data-id=\"23b8e17\" data-element_type=\"widget\" data-widget_type=\"button.default\">\n\t\t\t\t<div class=\"elementor-widget-container\">\n\t\t\t\t\t\t\t\t\t<div class=\"elementor-button-wrapper\">\n\t\t\t\t\t<a class=\"elementor-button elementor-button-link elementor-size-md\" href=\"https:\/\/cdes.fr\/wp-content\/uploads\/2025\/02\/brochure-com-SLO.pdf\">\n\t\t\t\t\t\t<span class=\"elementor-button-content-wrapper\">\n\t\t\t\t\t\t\t\t\t<span class=\"elementor-button-text\">T\u00e9l\u00e9charger la brochure ici !<\/span>\n\t\t\t\t\t<\/span>\n\t\t\t\t\t<\/a>\n\t\t\t\t<\/div>\n\t\t\t\t\t\t\t\t<\/div>\n\t\t\t\t<\/div>\n\t\t\t\t\t<\/div>\n\t\t<\/div>\n\t\t\t\t\t<\/div>\n\t\t<\/section>\n\t\t\t\t<\/div>\n\t\t","protected":false},"excerpt":{"rendered":"<p>Rejoignez la premi\u00e8re formation d\u2019un an pour les R\u00e9f\u00e9rents Supporters d\u00e9di\u00e9e au football en France ! Le CDES, dans le cadre d\u2019un projet Erasmus+ port\u00e9 par FSE, lance une toute nouvelle formation&hellip;<\/p>\n","protected":false},"author":92,"featured_media":16378,"comment_status":"closed","ping_status":"closed","sticky":true,"template":"","format":"standard","meta":{"_lmt_disableupdate":"","_lmt_disable":"","footnotes":"","beyondwords_generate_audio":"1","beyondwords_project_id":"45814","beyondwords_content_id":"8587cab1-7084-4e6f-9ed0-101adc17476a","beyondwords_preview_token":"130c53f2-8ae0-41a6-9664-d39ad413bfc8","beyondwords_player_content":"","beyondwords_player_style":"","beyondwords_language_code":"","beyondwords_language_id":"","beyondwords_title_voice_id":"","beyondwords_body_voice_id":"","beyondwords_summary_voice_id":"","beyondwords_error_message":"","beyondwords_disabled":"","beyondwords_delete_content":"","beyondwords_podcast_id":"8587cab1-7084-4e6f-9ed0-101adc17476a","beyondwords_hash":"","publish_post_to_speechkit":"","speechkit_hash":"","speechkit_generate_audio":"","speechkit_project_id":"","speechkit_podcast_id":"","speechkit_error_message":"","speechkit_disabled":"","speechkit_access_key":"","speechkit_error":"","speechkit_info":"","speechkit_response":"","speechkit_retries":"","speechkit_status":"","speechkit_updated_at":"","_speechkit_link":"","_speechkit_text":""},"categories":[7],"tags":[91,183],"class_list":["post-16356","post","type-post","status-publish","format-standard","has-post-thumbnail","hentry","category-formations","tag-actualite","tag-sport"],"yoast_head":"<!-- This site is optimized with the Yoast SEO plugin v25.3.1 - https:\/\/yoast.com\/wordpress\/plugins\/seo\/ -->\n<title>Lancement de la formation R\u00e9f\u00e9rents Supporters - CDES<\/title>\n<meta name=\"robots\" content=\"index, follow, max-snippet:-1, max-image-preview:large, max-video-preview:-1\" \/>\n<link rel=\"canonical\" href=\"https:\/\/cdes.fr\/?p=16356\" \/>\n<meta property=\"og:locale\" content=\"fr_FR\" \/>\n<meta property=\"og:type\" content=\"article\" \/>\n<meta property=\"og:title\" content=\"Lancement de la formation R\u00e9f\u00e9rents Supporters - CDES\" \/>\n<meta property=\"og:description\" content=\"Rejoignez la premi\u00e8re formation d\u2019un an pour les R\u00e9f\u00e9rents Supporters d\u00e9di\u00e9e au football en France ! Le CDES, dans le cadre d\u2019un projet Erasmus+ port\u00e9 par FSE, lance une toute nouvelle formation&hellip;\" \/>\n<meta property=\"og:url\" content=\"https:\/\/cdes.fr\/?p=16356\" \/>\n<meta property=\"og:site_name\" content=\"CDES\" \/>\n<meta property=\"article:published_time\" content=\"2025-02-10T16:30:00+00:00\" \/>\n<meta property=\"og:image\" content=\"https:\/\/cdes.fr\/wp-content\/uploads\/2025\/02\/Vignette-Jurisport-SI-23.png\" \/>\n\t<meta property=\"og:image:width\" content=\"558\" \/>\n\t<meta property=\"og:image:height\" content=\"731\" \/>\n\t<meta property=\"og:image:type\" content=\"image\/png\" \/>\n<meta name=\"author\" content=\"Viktoria Rosta\" \/>\n<meta name=\"twitter:card\" content=\"summary_large_image\" \/>\n<meta name=\"twitter:label1\" content=\"\u00c9crit par\" \/>\n\t<meta name=\"twitter:data1\" content=\"Viktoria Rosta\" \/>\n\t<meta name=\"twitter:label2\" content=\"Dur\u00e9e de lecture estim\u00e9e\" \/>\n\t<meta name=\"twitter:data2\" content=\"1 minute\" \/>\n<script type=\"application\/ld+json\" class=\"yoast-schema-graph\">{\"@context\":\"https:\/\/schema.org\",\"@graph\":[{\"@type\":\"WebPage\",\"@id\":\"https:\/\/cdes.fr\/?p=16356\",\"url\":\"https:\/\/cdes.fr\/?p=16356\",\"name\":\"Lancement de la formation R\u00e9f\u00e9rents Supporters - CDES\",\"isPartOf\":{\"@id\":\"https:\/\/cdes.fr\/#website\"},\"primaryImageOfPage\":{\"@id\":\"https:\/\/cdes.fr\/?p=16356#primaryimage\"},\"image\":{\"@id\":\"https:\/\/cdes.fr\/?p=16356#primaryimage\"},\"thumbnailUrl\":\"https:\/\/cdes.fr\/wp-content\/uploads\/2025\/02\/Vignette-Jurisport-SI-23.png\",\"datePublished\":\"2025-02-10T16:30:00+00:00\",\"author\":{\"@id\":\"https:\/\/cdes.fr\/#\/schema\/person\/3fd95d04f12a9edf5003ec0df19d43bc\"},\"breadcrumb\":{\"@id\":\"https:\/\/cdes.fr\/?p=16356#breadcrumb\"},\"inLanguage\":\"fr-FR\",\"potentialAction\":[{\"@type\":\"ReadAction\",\"target\":[\"https:\/\/cdes.fr\/?p=16356\"]}]},{\"@type\":\"ImageObject\",\"inLanguage\":\"fr-FR\",\"@id\":\"https:\/\/cdes.fr\/?p=16356#primaryimage\",\"url\":\"https:\/\/cdes.fr\/wp-content\/uploads\/2025\/02\/Vignette-Jurisport-SI-23.png\",\"contentUrl\":\"https:\/\/cdes.fr\/wp-content\/uploads\/2025\/02\/Vignette-Jurisport-SI-23.png\",\"width\":558,\"height\":731},{\"@type\":\"BreadcrumbList\",\"@id\":\"https:\/\/cdes.fr\/?p=16356#breadcrumb\",\"itemListElement\":[{\"@type\":\"ListItem\",\"position\":1,\"name\":\"Accueil\",\"item\":\"https:\/\/cdes.fr\/\"},{\"@type\":\"ListItem\",\"position\":2,\"name\":\"Lancement de la formation R\u00e9f\u00e9rents Supporters\"}]},{\"@type\":\"WebSite\",\"@id\":\"https:\/\/cdes.fr\/#website\",\"url\":\"https:\/\/cdes.fr\/\",\"name\":\"CDES\",\"description\":\"Centre de Droit et d&#039;Economie du Sport\",\"potentialAction\":[{\"@type\":\"SearchAction\",\"target\":{\"@type\":\"EntryPoint\",\"urlTemplate\":\"https:\/\/cdes.fr\/?s={search_term_string}\"},\"query-input\":{\"@type\":\"PropertyValueSpecification\",\"valueRequired\":true,\"valueName\":\"search_term_string\"}}],\"inLanguage\":\"fr-FR\"},{\"@type\":\"Person\",\"@id\":\"https:\/\/cdes.fr\/#\/schema\/person\/3fd95d04f12a9edf5003ec0df19d43bc\",\"name\":\"Viktoria Rosta\",\"image\":{\"@type\":\"ImageObject\",\"inLanguage\":\"fr-FR\",\"@id\":\"https:\/\/cdes.fr\/#\/schema\/person\/image\/\",\"url\":\"https:\/\/secure.gravatar.com\/avatar\/139dff69b1764c6ee4a6645c2ecf0b8ba8c5951b492b44d8858b07f7c293c210?s=96&d=mm&r=g\",\"contentUrl\":\"https:\/\/secure.gravatar.com\/avatar\/139dff69b1764c6ee4a6645c2ecf0b8ba8c5951b492b44d8858b07f7c293c210?s=96&d=mm&r=g\",\"caption\":\"Viktoria Rosta\"},\"url\":\"https:\/\/cdes.fr\/?author=92\"}]}<\/script>\n<!-- \/ Yoast SEO plugin. -->","yoast_head_json":{"title":"Lancement de la formation R\u00e9f\u00e9rents Supporters - CDES","robots":{"index":"index","follow":"follow","max-snippet":"max-snippet:-1","max-image-preview":"max-image-preview:large","max-video-preview":"max-video-preview:-1"},"canonical":"https:\/\/cdes.fr\/?p=16356","og_locale":"fr_FR","og_type":"article","og_title":"Lancement de la formation R\u00e9f\u00e9rents Supporters - CDES","og_description":"Rejoignez la premi\u00e8re formation d\u2019un an pour les R\u00e9f\u00e9rents Supporters d\u00e9di\u00e9e au football en France ! Le CDES, dans le cadre d\u2019un projet Erasmus+ port\u00e9 par FSE, lance une toute nouvelle formation&hellip;","og_url":"https:\/\/cdes.fr\/?p=16356","og_site_name":"CDES","article_published_time":"2025-02-10T16:30:00+00:00","og_image":[{"width":558,"height":731,"url":"https:\/\/cdes.fr\/wp-content\/uploads\/2025\/02\/Vignette-Jurisport-SI-23.png","type":"image\/png"}],"author":"Viktoria Rosta","twitter_card":"summary_large_image","twitter_misc":{"\u00c9crit par":"Viktoria Rosta","Dur\u00e9e de lecture estim\u00e9e":"1 minute"},"schema":{"@context":"https:\/\/schema.org","@graph":[{"@type":"WebPage","@id":"https:\/\/cdes.fr\/?p=16356","url":"https:\/\/cdes.fr\/?p=16356","name":"Lancement de la formation R\u00e9f\u00e9rents Supporters - CDES","isPartOf":{"@id":"https:\/\/cdes.fr\/#website"},"primaryImageOfPage":{"@id":"https:\/\/cdes.fr\/?p=16356#primaryimage"},"image":{"@id":"https:\/\/cdes.fr\/?p=16356#primaryimage"},"thumbnailUrl":"https:\/\/cdes.fr\/wp-content\/uploads\/2025\/02\/Vignette-Jurisport-SI-23.png","datePublished":"2025-02-10T16:30:00+00:00","author":{"@id":"https:\/\/cdes.fr\/#\/schema\/person\/3fd95d04f12a9edf5003ec0df19d43bc"},"breadcrumb":{"@id":"https:\/\/cdes.fr\/?p=16356#breadcrumb"},"inLanguage":"fr-FR","potentialAction":[{"@type":"ReadAction","target":["https:\/\/cdes.fr\/?p=16356"]}]},{"@type":"ImageObject","inLanguage":"fr-FR","@id":"https:\/\/cdes.fr\/?p=16356#primaryimage","url":"https:\/\/cdes.fr\/wp-content\/uploads\/2025\/02\/Vignette-Jurisport-SI-23.png","contentUrl":"https:\/\/cdes.fr\/wp-content\/uploads\/2025\/02\/Vignette-Jurisport-SI-23.png","width":558,"height":731},{"@type":"BreadcrumbList","@id":"https:\/\/cdes.fr\/?p=16356#breadcrumb","itemListElement":[{"@type":"ListItem","position":1,"name":"Accueil","item":"https:\/\/cdes.fr\/"},{"@type":"ListItem","position":2,"name":"Lancement de la formation R\u00e9f\u00e9rents Supporters"}]},{"@type":"WebSite","@id":"https:\/\/cdes.fr\/#website","url":"https:\/\/cdes.fr\/","name":"CDES","description":"Centre de Droit et d&#039;Economie du Sport","potentialAction":[{"@type":"SearchAction","target":{"@type":"EntryPoint","urlTemplate":"https:\/\/cdes.fr\/?s={search_term_string}"},"query-input":{"@type":"PropertyValueSpecification","valueRequired":true,"valueName":"search_term_string"}}],"inLanguage":"fr-FR"},{"@type":"Person","@id":"https:\/\/cdes.fr\/#\/schema\/person\/3fd95d04f12a9edf5003ec0df19d43bc","name":"Viktoria Rosta","image":{"@type":"ImageObject","inLanguage":"fr-FR","@id":"https:\/\/cdes.fr\/#\/schema\/person\/image\/","url":"https:\/\/secure.gravatar.com\/avatar\/139dff69b1764c6ee4a6645c2ecf0b8ba8c5951b492b44d8858b07f7c293c210?s=96&d=mm&r=g","contentUrl":"https:\/\/secure.gravatar.com\/avatar\/139dff69b1764c6ee4a6645c2ecf0b8ba8c5951b492b44d8858b07f7c293c210?s=96&d=mm&r=g","caption":"Viktoria Rosta"},"url":"https:\/\/cdes.fr\/?author=92"}]}},"_links":{"self":[{"href":"https:\/\/cdes.fr\/index.php?rest_route=\/wp\/v2\/posts\/16356","targetHints":{"allow":["GET"]}}],"collection":[{"href":"https:\/\/cdes.fr\/index.php?rest_route=\/wp\/v2\/posts"}],"about":[{"href":"https:\/\/cdes.fr\/index.php?rest_route=\/wp\/v2\/types\/post"}],"author":[{"embeddable":true,"href":"https:\/\/cdes.fr\/index.php?rest_route=\/wp\/v2\/users\/92"}],"replies":[{"embeddable":true,"href":"https:\/\/cdes.fr\/index.php?rest_route=%2Fwp%2Fv2%2Fcomments&post=16356"}],"version-history":[{"count":14,"href":"https:\/\/cdes.fr\/index.php?rest_route=\/wp\/v2\/posts\/16356\/revisions"}],"predecessor-version":[{"id":16386,"href":"https:\/\/cdes.fr\/index.php?rest_route=\/wp\/v2\/posts\/16356\/revisions\/16386"}],"wp:featuredmedia":[{"embeddable":true,"href":"https:\/\/cdes.fr\/index.php?rest_route=\/wp\/v2\/media\/16378"}],"wp:attachment":[{"href":"https:\/\/cdes.fr\/index.php?rest_route=%2Fwp%2Fv2%2Fmedia&parent=16356"}],"wp:term":[{"taxonomy":"category","embeddable":true,"href":"https:\/\/cdes.fr\/index.php?rest_route=%2Fwp%2Fv2%2Fcategories&post=16356"},{"taxonomy":"post_tag","embeddable":true,"href":"https:\/\/cdes.fr\/index.php?rest_route=%2Fwp%2Fv2%2Ftags&post=16356"}],"curies":[{"name":"wp","href":"https:\/\/api.w.org\/{rel}","templated":true}]}}