{"id":16241,"date":"2026-04-22T17:30:00","date_gmt":"2026-04-22T15:30:00","guid":{"rendered":"https:\/\/cdes.fr\/?p=16241"},"modified":"2026-04-22T23:24:59","modified_gmt":"2026-04-22T21:24:59","slug":"offre-demploi-2026-chargee-detudes-economiques","status":"publish","type":"post","link":"https:\/\/cdes.fr\/?p=16241","title":{"rendered":"Offre d&#8217;emploi 2026 &#8211; Charg\u00e9(e) d&rsquo;\u00e9tudes \u00e9conomiques"},"content":{"rendered":"\t\t<div data-elementor-type=\"wp-post\" data-elementor-id=\"16241\" class=\"elementor elementor-16241\" data-elementor-post-type=\"post\">\n\t\t\t\t\t\t<section class=\"penci-section penci-disSticky penci-structure-10 elementor-section elementor-top-section elementor-element elementor-element-c3b6bca elementor-section-boxed elementor-section-height-default elementor-section-height-default\" data-id=\"c3b6bca\" data-element_type=\"section\">\n\t\t\t\t\t\t<div class=\"elementor-container elementor-column-gap-default\">\n\t\t\t\t\t<div class=\"penci-ercol-100 penci-ercol-order-1 penci-sticky-ct    elementor-column elementor-col-100 elementor-top-column elementor-element elementor-element-8c9bd0b\" data-id=\"8c9bd0b\" data-element_type=\"column\">\n\t\t\t<div class=\"elementor-widget-wrap elementor-element-populated\">\n\t\t\t\t\t\t<div class=\"elementor-element elementor-element-3d1b10e elementor-widget elementor-widget-heading\" data-id=\"3d1b10e\" data-element_type=\"widget\" data-widget_type=\"heading.default\">\n\t\t\t\t<div class=\"elementor-widget-container\">\n\t\t\t\t\t<h1 class=\"elementor-heading-title elementor-size-default\">\ud83d\udea8 RECRUTEMENT \ud83d\udea8<\/h1>\t\t\t\t<\/div>\n\t\t\t\t<\/div>\n\t\t\t\t<div class=\"elementor-element elementor-element-cec98cc elementor-widget elementor-widget-text-editor\" data-id=\"cec98cc\" data-element_type=\"widget\" data-widget_type=\"text-editor.default\">\n\t\t\t\t<div class=\"elementor-widget-container\">\n\t\t\t\t\t\t\t\t\t<p>Dans le cadre du d\u00e9veloppement de ses activit\u00e9s, le CDES recrute un(e) Charg\u00e9(e) d&rsquo;\u00e9tudes \u00e9conomiques. Si vous avez toujours r\u00eav\u00e9 d&rsquo;exercer des missions d&rsquo;\u00e9tudes et de conseil dans une organisation quotidiennement immerg\u00e9e au sein du secteur sportif fran\u00e7ais et international, ce poste est peut-\u00eatre fait pour vous !<\/p><p>\ud83d\udcc1 Envoyez votre CV et une lettre de motivation pour nous faire part de votre int\u00e9r\u00eat.<\/p><p>\ud83d\udcc6 Date limite de candidature : <span style=\"text-decoration: underline;\"><strong>25 mai 2026<\/strong><\/span><br \/>\ud83d\udce4 Marine PERAUD peraud@cdes.fr<\/p>\t\t\t\t\t\t\t\t<\/div>\n\t\t\t\t<\/div>\n\t\t\t\t<div class=\"elementor-element elementor-element-edd56f8 elementor-widget-divider--view-line elementor-widget elementor-widget-divider\" data-id=\"edd56f8\" data-element_type=\"widget\" data-widget_type=\"divider.default\">\n\t\t\t\t<div class=\"elementor-widget-container\">\n\t\t\t\t\t\t\t<div class=\"elementor-divider\">\n\t\t\t<span class=\"elementor-divider-separator\">\n\t\t\t\t\t\t<\/span>\n\t\t<\/div>\n\t\t\t\t\t\t<\/div>\n\t\t\t\t<\/div>\n\t\t\t\t\t<\/div>\n\t\t<\/div>\n\t\t\t\t\t<\/div>\n\t\t<\/section>\n\t\t\t\t<section class=\"penci-section penci-disSticky penci-structure-10 elementor-section elementor-top-section elementor-element elementor-element-c557a32 elementor-section-boxed elementor-section-height-default elementor-section-height-default\" data-id=\"c557a32\" data-element_type=\"section\">\n\t\t\t\t\t\t<div class=\"elementor-container elementor-column-gap-default\">\n\t\t\t\t\t<div class=\"penci-ercol-100 penci-ercol-order-1 penci-sticky-ct    elementor-column elementor-col-100 elementor-top-column elementor-element elementor-element-7f5adab\" data-id=\"7f5adab\" data-element_type=\"column\">\n\t\t\t<div class=\"elementor-widget-wrap elementor-element-populated\">\n\t\t\t\t\t\t<div class=\"elementor-element elementor-element-6d86507 elementor-widget elementor-widget-penci-button-popup\" data-id=\"6d86507\" data-element_type=\"widget\" data-widget_type=\"penci-button-popup.default\">\n\t\t\t\t<div class=\"elementor-widget-container\">\n\t\t\t\t\t        <div class=\"pcbtn-wrapper penci-button-popup pcbtn-align-center\">\n            <a data-popup=\"penci-btn-popup-6d86507\"\n               data-position=\"middle-center penci-pps-6d86507\"\n               class=\"pc-popup-btn pcbtn pcbtn-icon-left\"\n               href=\"#penci-btn-popup-6d86507\">\n\t\t\t\t<span class=\"pcbtn-wrapperin\">\n\t\t\t\t\t<span class=\"pcbtn-content\">Offre d'emploi ici<\/span>\n\t\t\t\t\t\t\t\t\t<\/span>\n            <\/a>\n        <\/div>\n        <div id=\"penci-btn-popup-6d86507\"\n             class=\"move-to-top middle-center penci-pps-6d86507 mfp-with-anim button-popup-content\">\n\t\t\t<p><a href=\"https:\/\/cdes.fr\/wp-content\/uploads\/2026\/04\/2026.04_Annonce-charge-detudes-VFF.pdf\">2026.04_Annonce charg\u00e9 d'\u00e9tudes VFF<\/a><\/p>        <\/div>\n\t\t\t\t\t\t<\/div>\n\t\t\t\t<\/div>\n\t\t\t\t\t<\/div>\n\t\t<\/div>\n\t\t\t\t\t<\/div>\n\t\t<\/section>\n\t\t\t\t<\/div>\n\t\t","protected":false},"excerpt":{"rendered":"<p>\ud83d\udea8 RECRUTEMENT \ud83d\udea8 Dans le cadre du d\u00e9veloppement de ses activit\u00e9s, le CDES recrute un(e) Charg\u00e9(e) d&rsquo;\u00e9tudes \u00e9conomiques. Si vous avez toujours r\u00eav\u00e9 d&rsquo;exercer des missions d&rsquo;\u00e9tudes et de conseil dans une&hellip;<\/p>\n","protected":false},"author":92,"featured_media":18192,"comment_status":"closed","ping_status":"closed","sticky":true,"template":"","format":"standard","meta":{"_lmt_disableupdate":"","_lmt_disable":"","footnotes":"","beyondwords_generate_audio":"","beyondwords_project_id":"","beyondwords_content_id":"","beyondwords_preview_token":"","beyondwords_player_content":"","beyondwords_player_style":"","beyondwords_language_code":"","beyondwords_language_id":"","beyondwords_title_voice_id":"","beyondwords_body_voice_id":"","beyondwords_summary_voice_id":"","beyondwords_error_message":"","beyondwords_disabled":"","beyondwords_delete_content":"","beyondwords_podcast_id":"","beyondwords_hash":"","publish_post_to_speechkit":"","speechkit_hash":"","speechkit_generate_audio":"","speechkit_project_id":"","speechkit_podcast_id":"","speechkit_error_message":"","speechkit_disabled":"","speechkit_access_key":"","speechkit_error":"","speechkit_info":"","speechkit_response":"","speechkit_retries":"","speechkit_status":"","speechkit_updated_at":"","_speechkit_link":"","_speechkit_text":""},"categories":[2],"tags":[91,314,34,70,183],"class_list":["post-16241","post","type-post","status-publish","format-standard","has-post-thumbnail","hentry","category-cdes","tag-actualite","tag-article","tag-economie","tag-economie-du-sport","tag-sport"],"yoast_head":"<!-- This site is optimized with the Yoast SEO plugin v25.3.1 - https:\/\/yoast.com\/wordpress\/plugins\/seo\/ -->\n<title>Offre d&#039;emploi 2026 - Charg\u00e9(e) d&#039;\u00e9tudes \u00e9conomiques - CDES<\/title>\n<meta name=\"robots\" content=\"index, follow, max-snippet:-1, max-image-preview:large, max-video-preview:-1\" \/>\n<link rel=\"canonical\" href=\"https:\/\/cdes.fr\/?p=16241\" \/>\n<meta property=\"og:locale\" content=\"fr_FR\" \/>\n<meta property=\"og:type\" content=\"article\" \/>\n<meta property=\"og:title\" content=\"Offre d&#039;emploi 2026 - Charg\u00e9(e) d&#039;\u00e9tudes \u00e9conomiques - CDES\" \/>\n<meta property=\"og:description\" content=\"\ud83d\udea8 RECRUTEMENT \ud83d\udea8 Dans le cadre du d\u00e9veloppement de ses activit\u00e9s, le CDES recrute un(e) Charg\u00e9(e) d&rsquo;\u00e9tudes \u00e9conomiques. Si vous avez toujours r\u00eav\u00e9 d&rsquo;exercer des missions d&rsquo;\u00e9tudes et de conseil dans une&hellip;\" \/>\n<meta property=\"og:url\" content=\"https:\/\/cdes.fr\/?p=16241\" \/>\n<meta property=\"og:site_name\" content=\"CDES\" \/>\n<meta property=\"article:published_time\" content=\"2026-04-22T15:30:00+00:00\" \/>\n<meta property=\"article:modified_time\" content=\"2026-04-22T21:24:59+00:00\" \/>\n<meta property=\"og:image\" content=\"https:\/\/cdes.fr\/wp-content\/uploads\/2026\/04\/Vignettes-etudes-CDES-1000-\u00d7-628-px.jpg\" \/>\n\t<meta property=\"og:image:width\" content=\"1000\" \/>\n\t<meta property=\"og:image:height\" content=\"628\" \/>\n\t<meta property=\"og:image:type\" content=\"image\/jpeg\" \/>\n<meta name=\"author\" content=\"Viktoria Rosta\" \/>\n<meta name=\"twitter:card\" content=\"summary_large_image\" \/>\n<meta name=\"twitter:label1\" content=\"\u00c9crit par\" \/>\n\t<meta name=\"twitter:data1\" content=\"Viktoria Rosta\" \/>\n\t<meta name=\"twitter:label2\" content=\"Dur\u00e9e de lecture estim\u00e9e\" \/>\n\t<meta name=\"twitter:data2\" content=\"1 minute\" \/>\n<script type=\"application\/ld+json\" class=\"yoast-schema-graph\">{\"@context\":\"https:\/\/schema.org\",\"@graph\":[{\"@type\":\"WebPage\",\"@id\":\"https:\/\/cdes.fr\/?p=16241\",\"url\":\"https:\/\/cdes.fr\/?p=16241\",\"name\":\"Offre d'emploi 2026 - Charg\u00e9(e) d'\u00e9tudes \u00e9conomiques - CDES\",\"isPartOf\":{\"@id\":\"https:\/\/cdes.fr\/#website\"},\"primaryImageOfPage\":{\"@id\":\"https:\/\/cdes.fr\/?p=16241#primaryimage\"},\"image\":{\"@id\":\"https:\/\/cdes.fr\/?p=16241#primaryimage\"},\"thumbnailUrl\":\"https:\/\/cdes.fr\/wp-content\/uploads\/2026\/04\/Vignettes-etudes-CDES-1000-\u00d7-628-px.jpg\",\"datePublished\":\"2026-04-22T15:30:00+00:00\",\"dateModified\":\"2026-04-22T21:24:59+00:00\",\"author\":{\"@id\":\"https:\/\/cdes.fr\/#\/schema\/person\/3fd95d04f12a9edf5003ec0df19d43bc\"},\"breadcrumb\":{\"@id\":\"https:\/\/cdes.fr\/?p=16241#breadcrumb\"},\"inLanguage\":\"fr-FR\",\"potentialAction\":[{\"@type\":\"ReadAction\",\"target\":[\"https:\/\/cdes.fr\/?p=16241\"]}]},{\"@type\":\"ImageObject\",\"inLanguage\":\"fr-FR\",\"@id\":\"https:\/\/cdes.fr\/?p=16241#primaryimage\",\"url\":\"https:\/\/cdes.fr\/wp-content\/uploads\/2026\/04\/Vignettes-etudes-CDES-1000-\u00d7-628-px.jpg\",\"contentUrl\":\"https:\/\/cdes.fr\/wp-content\/uploads\/2026\/04\/Vignettes-etudes-CDES-1000-\u00d7-628-px.jpg\",\"width\":1000,\"height\":628},{\"@type\":\"BreadcrumbList\",\"@id\":\"https:\/\/cdes.fr\/?p=16241#breadcrumb\",\"itemListElement\":[{\"@type\":\"ListItem\",\"position\":1,\"name\":\"Accueil\",\"item\":\"https:\/\/cdes.fr\/\"},{\"@type\":\"ListItem\",\"position\":2,\"name\":\"Offre d&#8217;emploi 2026 &#8211; Charg\u00e9(e) d&rsquo;\u00e9tudes \u00e9conomiques\"}]},{\"@type\":\"WebSite\",\"@id\":\"https:\/\/cdes.fr\/#website\",\"url\":\"https:\/\/cdes.fr\/\",\"name\":\"CDES\",\"description\":\"Centre de Droit et d&#039;Economie du Sport\",\"potentialAction\":[{\"@type\":\"SearchAction\",\"target\":{\"@type\":\"EntryPoint\",\"urlTemplate\":\"https:\/\/cdes.fr\/?s={search_term_string}\"},\"query-input\":{\"@type\":\"PropertyValueSpecification\",\"valueRequired\":true,\"valueName\":\"search_term_string\"}}],\"inLanguage\":\"fr-FR\"},{\"@type\":\"Person\",\"@id\":\"https:\/\/cdes.fr\/#\/schema\/person\/3fd95d04f12a9edf5003ec0df19d43bc\",\"name\":\"Viktoria Rosta\",\"image\":{\"@type\":\"ImageObject\",\"inLanguage\":\"fr-FR\",\"@id\":\"https:\/\/cdes.fr\/#\/schema\/person\/image\/\",\"url\":\"https:\/\/secure.gravatar.com\/avatar\/139dff69b1764c6ee4a6645c2ecf0b8ba8c5951b492b44d8858b07f7c293c210?s=96&d=mm&r=g\",\"contentUrl\":\"https:\/\/secure.gravatar.com\/avatar\/139dff69b1764c6ee4a6645c2ecf0b8ba8c5951b492b44d8858b07f7c293c210?s=96&d=mm&r=g\",\"caption\":\"Viktoria Rosta\"},\"url\":\"https:\/\/cdes.fr\/?author=92\"}]}<\/script>\n<!-- \/ Yoast SEO plugin. -->","yoast_head_json":{"title":"Offre d'emploi 2026 - Charg\u00e9(e) d'\u00e9tudes \u00e9conomiques - CDES","robots":{"index":"index","follow":"follow","max-snippet":"max-snippet:-1","max-image-preview":"max-image-preview:large","max-video-preview":"max-video-preview:-1"},"canonical":"https:\/\/cdes.fr\/?p=16241","og_locale":"fr_FR","og_type":"article","og_title":"Offre d'emploi 2026 - Charg\u00e9(e) d'\u00e9tudes \u00e9conomiques - CDES","og_description":"\ud83d\udea8 RECRUTEMENT \ud83d\udea8 Dans le cadre du d\u00e9veloppement de ses activit\u00e9s, le CDES recrute un(e) Charg\u00e9(e) d&rsquo;\u00e9tudes \u00e9conomiques. Si vous avez toujours r\u00eav\u00e9 d&rsquo;exercer des missions d&rsquo;\u00e9tudes et de conseil dans une&hellip;","og_url":"https:\/\/cdes.fr\/?p=16241","og_site_name":"CDES","article_published_time":"2026-04-22T15:30:00+00:00","article_modified_time":"2026-04-22T21:24:59+00:00","og_image":[{"width":1000,"height":628,"url":"https:\/\/cdes.fr\/wp-content\/uploads\/2026\/04\/Vignettes-etudes-CDES-1000-\u00d7-628-px.jpg","type":"image\/jpeg"}],"author":"Viktoria Rosta","twitter_card":"summary_large_image","twitter_misc":{"\u00c9crit par":"Viktoria Rosta","Dur\u00e9e de lecture estim\u00e9e":"1 minute"},"schema":{"@context":"https:\/\/schema.org","@graph":[{"@type":"WebPage","@id":"https:\/\/cdes.fr\/?p=16241","url":"https:\/\/cdes.fr\/?p=16241","name":"Offre d'emploi 2026 - Charg\u00e9(e) d'\u00e9tudes \u00e9conomiques - CDES","isPartOf":{"@id":"https:\/\/cdes.fr\/#website"},"primaryImageOfPage":{"@id":"https:\/\/cdes.fr\/?p=16241#primaryimage"},"image":{"@id":"https:\/\/cdes.fr\/?p=16241#primaryimage"},"thumbnailUrl":"https:\/\/cdes.fr\/wp-content\/uploads\/2026\/04\/Vignettes-etudes-CDES-1000-\u00d7-628-px.jpg","datePublished":"2026-04-22T15:30:00+00:00","dateModified":"2026-04-22T21:24:59+00:00","author":{"@id":"https:\/\/cdes.fr\/#\/schema\/person\/3fd95d04f12a9edf5003ec0df19d43bc"},"breadcrumb":{"@id":"https:\/\/cdes.fr\/?p=16241#breadcrumb"},"inLanguage":"fr-FR","potentialAction":[{"@type":"ReadAction","target":["https:\/\/cdes.fr\/?p=16241"]}]},{"@type":"ImageObject","inLanguage":"fr-FR","@id":"https:\/\/cdes.fr\/?p=16241#primaryimage","url":"https:\/\/cdes.fr\/wp-content\/uploads\/2026\/04\/Vignettes-etudes-CDES-1000-\u00d7-628-px.jpg","contentUrl":"https:\/\/cdes.fr\/wp-content\/uploads\/2026\/04\/Vignettes-etudes-CDES-1000-\u00d7-628-px.jpg","width":1000,"height":628},{"@type":"BreadcrumbList","@id":"https:\/\/cdes.fr\/?p=16241#breadcrumb","itemListElement":[{"@type":"ListItem","position":1,"name":"Accueil","item":"https:\/\/cdes.fr\/"},{"@type":"ListItem","position":2,"name":"Offre d&#8217;emploi 2026 &#8211; Charg\u00e9(e) d&rsquo;\u00e9tudes \u00e9conomiques"}]},{"@type":"WebSite","@id":"https:\/\/cdes.fr\/#website","url":"https:\/\/cdes.fr\/","name":"CDES","description":"Centre de Droit et d&#039;Economie du Sport","potentialAction":[{"@type":"SearchAction","target":{"@type":"EntryPoint","urlTemplate":"https:\/\/cdes.fr\/?s={search_term_string}"},"query-input":{"@type":"PropertyValueSpecification","valueRequired":true,"valueName":"search_term_string"}}],"inLanguage":"fr-FR"},{"@type":"Person","@id":"https:\/\/cdes.fr\/#\/schema\/person\/3fd95d04f12a9edf5003ec0df19d43bc","name":"Viktoria Rosta","image":{"@type":"ImageObject","inLanguage":"fr-FR","@id":"https:\/\/cdes.fr\/#\/schema\/person\/image\/","url":"https:\/\/secure.gravatar.com\/avatar\/139dff69b1764c6ee4a6645c2ecf0b8ba8c5951b492b44d8858b07f7c293c210?s=96&d=mm&r=g","contentUrl":"https:\/\/secure.gravatar.com\/avatar\/139dff69b1764c6ee4a6645c2ecf0b8ba8c5951b492b44d8858b07f7c293c210?s=96&d=mm&r=g","caption":"Viktoria Rosta"},"url":"https:\/\/cdes.fr\/?author=92"}]}},"_links":{"self":[{"href":"https:\/\/cdes.fr\/index.php?rest_route=\/wp\/v2\/posts\/16241","targetHints":{"allow":["GET"]}}],"collection":[{"href":"https:\/\/cdes.fr\/index.php?rest_route=\/wp\/v2\/posts"}],"about":[{"href":"https:\/\/cdes.fr\/index.php?rest_route=\/wp\/v2\/types\/post"}],"author":[{"embeddable":true,"href":"https:\/\/cdes.fr\/index.php?rest_route=\/wp\/v2\/users\/92"}],"replies":[{"embeddable":true,"href":"https:\/\/cdes.fr\/index.php?rest_route=%2Fwp%2Fv2%2Fcomments&post=16241"}],"version-history":[{"count":11,"href":"https:\/\/cdes.fr\/index.php?rest_route=\/wp\/v2\/posts\/16241\/revisions"}],"predecessor-version":[{"id":18184,"href":"https:\/\/cdes.fr\/index.php?rest_route=\/wp\/v2\/posts\/16241\/revisions\/18184"}],"wp:featuredmedia":[{"embeddable":true,"href":"https:\/\/cdes.fr\/index.php?rest_route=\/wp\/v2\/media\/18192"}],"wp:attachment":[{"href":"https:\/\/cdes.fr\/index.php?rest_route=%2Fwp%2Fv2%2Fmedia&parent=16241"}],"wp:term":[{"taxonomy":"category","embeddable":true,"href":"https:\/\/cdes.fr\/index.php?rest_route=%2Fwp%2Fv2%2Fcategories&post=16241"},{"taxonomy":"post_tag","embeddable":true,"href":"https:\/\/cdes.fr\/index.php?rest_route=%2Fwp%2Fv2%2Ftags&post=16241"}],"curies":[{"name":"wp","href":"https:\/\/api.w.org\/{rel}","templated":true}]}}