{"id":15870,"date":"2024-10-03T17:30:00","date_gmt":"2024-10-03T15:30:00","guid":{"rendered":"https:\/\/cdes.fr\/?p=15870"},"modified":"2024-11-27T10:57:29","modified_gmt":"2024-11-27T09:57:29","slug":"liste-officielle-promo-2-management-strategique-de-la-crise","status":"publish","type":"post","link":"https:\/\/cdes.fr\/?p=15870","title":{"rendered":"Liste officielle promo 2 : Management strat\u00e9gique de la crise"},"content":{"rendered":"\t\t<div data-elementor-type=\"wp-post\" data-elementor-id=\"15870\" class=\"elementor elementor-15870\" data-elementor-post-type=\"post\">\n\t\t\t\t\t\t<section class=\"penci-section penci-disSticky penci-structure-10 elementor-section elementor-top-section elementor-element elementor-element-e18a9bf elementor-section-boxed elementor-section-height-default elementor-section-height-default\" data-id=\"e18a9bf\" data-element_type=\"section\">\n\t\t\t\t\t\t<div class=\"elementor-container elementor-column-gap-default\">\n\t\t\t\t\t<div class=\"penci-ercol-100 penci-ercol-order-1 penci-sticky-ct    elementor-column elementor-col-100 elementor-top-column elementor-element elementor-element-766f9ce\" data-id=\"766f9ce\" data-element_type=\"column\">\n\t\t\t<div class=\"elementor-widget-wrap elementor-element-populated\">\n\t\t\t\t\t\t<div class=\"elementor-element elementor-element-efaa6c6 elementor-widget elementor-widget-text-editor\" data-id=\"efaa6c6\" data-element_type=\"widget\" data-widget_type=\"text-editor.default\">\n\t\t\t\t<div class=\"elementor-widget-container\">\n\t\t\t\t\t\t\t\t\t<p style=\"text-align: center;\"><span style=\"text-decoration: underline;\"><strong>S\u00e9lection Management strat\u00e9gique de la crise dans le secteur sportif et \u00e9v\u00e9nementiel 2024\/2025 <\/strong><\/span><br \/><span style=\"text-decoration: underline;\"><strong>|<\/strong><\/span> <span style=\"text-decoration: underline;\"><strong>CDES x <a class=\"app-aware-link \" href=\"https:\/\/www.linkedin.com\/company\/ihemi\/\" target=\"_self\" data-test-app-aware-link=\"\">Institut des hautes \u00e9tudes du minist\u00e8re de l&rsquo;Int\u00e9rieur (IHEMI)<\/a><\/strong><\/span> <span style=\"text-decoration: underline;\"><strong>|<\/strong><\/span><\/p><p style=\"text-align: center;\">La s\u00e9lection d\u00e9finitive de la 2\u00e8me promotion pour l\u2019ann\u00e9e 2024-2025 est d\u00e9sormais connue.<\/p><p style=\"text-align: center;\">Rendez-vous le lundi 7 octobre pour le Focus 1 qui aura lieu \u00e0 Paris dans les locaux de l&rsquo;IHEMI.<\/p>\t\t\t\t\t\t\t\t<\/div>\n\t\t\t\t<\/div>\n\t\t\t\t<div class=\"elementor-element elementor-element-77d0311 elementor-widget elementor-widget-heading\" data-id=\"77d0311\" data-element_type=\"widget\" data-widget_type=\"heading.default\">\n\t\t\t\t<div class=\"elementor-widget-container\">\n\t\t\t\t\t<h2 class=\"elementor-heading-title elementor-size-default\"> \ud83d\udc4f F\u00e9licitations aux s\u00e9lectionn\u00e9s !<\/h2>\t\t\t\t<\/div>\n\t\t\t\t<\/div>\n\t\t\t\t<div class=\"elementor-element elementor-element-371fab1 elementor-widget-divider--view-line elementor-widget elementor-widget-divider\" data-id=\"371fab1\" data-element_type=\"widget\" data-widget_type=\"divider.default\">\n\t\t\t\t<div class=\"elementor-widget-container\">\n\t\t\t\t\t\t\t<div class=\"elementor-divider\">\n\t\t\t<span class=\"elementor-divider-separator\">\n\t\t\t\t\t\t<\/span>\n\t\t<\/div>\n\t\t\t\t\t\t<\/div>\n\t\t\t\t<\/div>\n\t\t\t\t<div class=\"elementor-element elementor-element-838517c elementor-widget elementor-widget-image\" data-id=\"838517c\" data-element_type=\"widget\" data-widget_type=\"image.default\">\n\t\t\t\t<div class=\"elementor-widget-container\">\n\t\t\t\t\t\t\t\t\t\t\t\t\t\t\t<img fetchpriority=\"high\" decoding=\"async\" width=\"724\" height=\"1024\" src=\"https:\/\/cdes.fr\/wp-content\/uploads\/2024\/10\/MSC2_Liste-participants-1-2-724x1024.png\" class=\"attachment-large size-large wp-image-16012\" alt=\"\" srcset=\"https:\/\/cdes.fr\/wp-content\/uploads\/2024\/10\/MSC2_Liste-participants-1-2-724x1024.png 724w, https:\/\/cdes.fr\/wp-content\/uploads\/2024\/10\/MSC2_Liste-participants-1-2-212x300.png 212w, https:\/\/cdes.fr\/wp-content\/uploads\/2024\/10\/MSC2_Liste-participants-1-2-768x1086.png 768w, https:\/\/cdes.fr\/wp-content\/uploads\/2024\/10\/MSC2_Liste-participants-1-2-1086x1536.png 1086w, https:\/\/cdes.fr\/wp-content\/uploads\/2024\/10\/MSC2_Liste-participants-1-2-1448x2048.png 1448w, https:\/\/cdes.fr\/wp-content\/uploads\/2024\/10\/MSC2_Liste-participants-1-2-1170x1655.png 1170w, https:\/\/cdes.fr\/wp-content\/uploads\/2024\/10\/MSC2_Liste-participants-1-2-585x827.png 585w, https:\/\/cdes.fr\/wp-content\/uploads\/2024\/10\/MSC2_Liste-participants-1-2.png 1654w\" sizes=\"(max-width: 724px) 100vw, 724px\" \/>\t\t\t\t\t\t\t\t\t\t\t\t\t\t\t<\/div>\n\t\t\t\t<\/div>\n\t\t\t\t<div class=\"elementor-element elementor-element-593d8b9 elementor-align-center elementor-widget elementor-widget-button\" data-id=\"593d8b9\" data-element_type=\"widget\" data-widget_type=\"button.default\">\n\t\t\t\t<div class=\"elementor-widget-container\">\n\t\t\t\t\t\t\t\t\t<div class=\"elementor-button-wrapper\">\n\t\t\t\t\t<a class=\"elementor-button elementor-button-link elementor-size-md\" href=\"https:\/\/cdes.fr\/diplomes-et-formations\/gestion-de-la-crise\/\">\n\t\t\t\t\t\t<span class=\"elementor-button-content-wrapper\">\n\t\t\t\t\t\t\t\t\t<span class=\"elementor-button-text\">D\u00e9couvrir la formation<\/span>\n\t\t\t\t\t<\/span>\n\t\t\t\t\t<\/a>\n\t\t\t\t<\/div>\n\t\t\t\t\t\t\t\t<\/div>\n\t\t\t\t<\/div>\n\t\t\t\t\t<\/div>\n\t\t<\/div>\n\t\t\t\t\t<\/div>\n\t\t<\/section>\n\t\t\t\t<\/div>\n\t\t","protected":false},"excerpt":{"rendered":"<p>S\u00e9lection Management strat\u00e9gique de la crise dans le secteur sportif et \u00e9v\u00e9nementiel 2024\/2025 | CDES x Institut des hautes \u00e9tudes du minist\u00e8re de l&rsquo;Int\u00e9rieur (IHEMI) | La s\u00e9lection d\u00e9finitive de la 2\u00e8me&hellip;<\/p>\n","protected":false},"author":92,"featured_media":0,"comment_status":"closed","ping_status":"closed","sticky":false,"template":"","format":"standard","meta":{"_lmt_disableupdate":"","_lmt_disable":"","footnotes":"","beyondwords_generate_audio":"","beyondwords_project_id":"","beyondwords_content_id":"","beyondwords_preview_token":"","beyondwords_player_content":"","beyondwords_player_style":"","beyondwords_language_code":"","beyondwords_language_id":"","beyondwords_title_voice_id":"","beyondwords_body_voice_id":"","beyondwords_summary_voice_id":"","beyondwords_error_message":"","beyondwords_disabled":"","beyondwords_delete_content":"","beyondwords_podcast_id":"","beyondwords_hash":"","publish_post_to_speechkit":"","speechkit_hash":"","speechkit_generate_audio":"","speechkit_project_id":"","speechkit_podcast_id":"","speechkit_error_message":"","speechkit_disabled":"","speechkit_access_key":"","speechkit_error":"","speechkit_info":"","speechkit_response":"","speechkit_retries":"","speechkit_status":"","speechkit_updated_at":"","_speechkit_link":"","_speechkit_text":""},"categories":[7],"tags":[91],"class_list":["post-15870","post","type-post","status-publish","format-standard","hentry","category-formations","tag-actualite"],"yoast_head":"<!-- This site is optimized with the Yoast SEO plugin v25.3.1 - https:\/\/yoast.com\/wordpress\/plugins\/seo\/ -->\n<title>Liste officielle promo 2 : Management strat\u00e9gique de la crise - CDES<\/title>\n<meta name=\"robots\" content=\"index, follow, max-snippet:-1, max-image-preview:large, max-video-preview:-1\" \/>\n<link rel=\"canonical\" href=\"https:\/\/cdes.fr\/?p=15870\" \/>\n<meta property=\"og:locale\" content=\"fr_FR\" \/>\n<meta property=\"og:type\" content=\"article\" \/>\n<meta property=\"og:title\" content=\"Liste officielle promo 2 : Management strat\u00e9gique de la crise - CDES\" \/>\n<meta property=\"og:description\" content=\"S\u00e9lection Management strat\u00e9gique de la crise dans le secteur sportif et \u00e9v\u00e9nementiel 2024\/2025 | CDES x Institut des hautes \u00e9tudes du minist\u00e8re de l&rsquo;Int\u00e9rieur (IHEMI) | La s\u00e9lection d\u00e9finitive de la 2\u00e8me&hellip;\" \/>\n<meta property=\"og:url\" content=\"https:\/\/cdes.fr\/?p=15870\" \/>\n<meta property=\"og:site_name\" content=\"CDES\" \/>\n<meta property=\"article:published_time\" content=\"2024-10-03T15:30:00+00:00\" \/>\n<meta property=\"article:modified_time\" content=\"2024-11-27T09:57:29+00:00\" \/>\n<meta property=\"og:image\" content=\"https:\/\/cdes.fr\/wp-content\/uploads\/2024\/10\/MSC2_Liste-participants-1-2-724x1024.png\" \/>\n<meta name=\"author\" content=\"Viktoria Rosta\" \/>\n<meta name=\"twitter:card\" content=\"summary_large_image\" \/>\n<meta name=\"twitter:label1\" content=\"\u00c9crit par\" \/>\n\t<meta name=\"twitter:data1\" content=\"Viktoria Rosta\" \/>\n<script type=\"application\/ld+json\" class=\"yoast-schema-graph\">{\"@context\":\"https:\/\/schema.org\",\"@graph\":[{\"@type\":\"WebPage\",\"@id\":\"https:\/\/cdes.fr\/?p=15870\",\"url\":\"https:\/\/cdes.fr\/?p=15870\",\"name\":\"Liste officielle promo 2 : Management strat\u00e9gique de la crise - CDES\",\"isPartOf\":{\"@id\":\"https:\/\/cdes.fr\/#website\"},\"primaryImageOfPage\":{\"@id\":\"https:\/\/cdes.fr\/?p=15870#primaryimage\"},\"image\":{\"@id\":\"https:\/\/cdes.fr\/?p=15870#primaryimage\"},\"thumbnailUrl\":\"https:\/\/cdes.fr\/wp-content\/uploads\/2024\/10\/MSC2_Liste-participants-1-2-724x1024.png\",\"datePublished\":\"2024-10-03T15:30:00+00:00\",\"dateModified\":\"2024-11-27T09:57:29+00:00\",\"author\":{\"@id\":\"https:\/\/cdes.fr\/#\/schema\/person\/3fd95d04f12a9edf5003ec0df19d43bc\"},\"breadcrumb\":{\"@id\":\"https:\/\/cdes.fr\/?p=15870#breadcrumb\"},\"inLanguage\":\"fr-FR\",\"potentialAction\":[{\"@type\":\"ReadAction\",\"target\":[\"https:\/\/cdes.fr\/?p=15870\"]}]},{\"@type\":\"ImageObject\",\"inLanguage\":\"fr-FR\",\"@id\":\"https:\/\/cdes.fr\/?p=15870#primaryimage\",\"url\":\"https:\/\/cdes.fr\/wp-content\/uploads\/2024\/10\/MSC2_Liste-participants-1-2.png\",\"contentUrl\":\"https:\/\/cdes.fr\/wp-content\/uploads\/2024\/10\/MSC2_Liste-participants-1-2.png\",\"width\":1654,\"height\":2339},{\"@type\":\"BreadcrumbList\",\"@id\":\"https:\/\/cdes.fr\/?p=15870#breadcrumb\",\"itemListElement\":[{\"@type\":\"ListItem\",\"position\":1,\"name\":\"Accueil\",\"item\":\"https:\/\/cdes.fr\/\"},{\"@type\":\"ListItem\",\"position\":2,\"name\":\"Liste officielle promo 2 : Management strat\u00e9gique de la crise\"}]},{\"@type\":\"WebSite\",\"@id\":\"https:\/\/cdes.fr\/#website\",\"url\":\"https:\/\/cdes.fr\/\",\"name\":\"CDES\",\"description\":\"Centre de Droit et d&#039;Economie du Sport\",\"potentialAction\":[{\"@type\":\"SearchAction\",\"target\":{\"@type\":\"EntryPoint\",\"urlTemplate\":\"https:\/\/cdes.fr\/?s={search_term_string}\"},\"query-input\":{\"@type\":\"PropertyValueSpecification\",\"valueRequired\":true,\"valueName\":\"search_term_string\"}}],\"inLanguage\":\"fr-FR\"},{\"@type\":\"Person\",\"@id\":\"https:\/\/cdes.fr\/#\/schema\/person\/3fd95d04f12a9edf5003ec0df19d43bc\",\"name\":\"Viktoria Rosta\",\"image\":{\"@type\":\"ImageObject\",\"inLanguage\":\"fr-FR\",\"@id\":\"https:\/\/cdes.fr\/#\/schema\/person\/image\/\",\"url\":\"https:\/\/secure.gravatar.com\/avatar\/139dff69b1764c6ee4a6645c2ecf0b8ba8c5951b492b44d8858b07f7c293c210?s=96&d=mm&r=g\",\"contentUrl\":\"https:\/\/secure.gravatar.com\/avatar\/139dff69b1764c6ee4a6645c2ecf0b8ba8c5951b492b44d8858b07f7c293c210?s=96&d=mm&r=g\",\"caption\":\"Viktoria Rosta\"},\"url\":\"https:\/\/cdes.fr\/?author=92\"}]}<\/script>\n<!-- \/ Yoast SEO plugin. -->","yoast_head_json":{"title":"Liste officielle promo 2 : Management strat\u00e9gique de la crise - CDES","robots":{"index":"index","follow":"follow","max-snippet":"max-snippet:-1","max-image-preview":"max-image-preview:large","max-video-preview":"max-video-preview:-1"},"canonical":"https:\/\/cdes.fr\/?p=15870","og_locale":"fr_FR","og_type":"article","og_title":"Liste officielle promo 2 : Management strat\u00e9gique de la crise - CDES","og_description":"S\u00e9lection Management strat\u00e9gique de la crise dans le secteur sportif et \u00e9v\u00e9nementiel 2024\/2025 | CDES x Institut des hautes \u00e9tudes du minist\u00e8re de l&rsquo;Int\u00e9rieur (IHEMI) | La s\u00e9lection d\u00e9finitive de la 2\u00e8me&hellip;","og_url":"https:\/\/cdes.fr\/?p=15870","og_site_name":"CDES","article_published_time":"2024-10-03T15:30:00+00:00","article_modified_time":"2024-11-27T09:57:29+00:00","og_image":[{"url":"https:\/\/cdes.fr\/wp-content\/uploads\/2024\/10\/MSC2_Liste-participants-1-2-724x1024.png","type":"","width":"","height":""}],"author":"Viktoria Rosta","twitter_card":"summary_large_image","twitter_misc":{"\u00c9crit par":"Viktoria Rosta"},"schema":{"@context":"https:\/\/schema.org","@graph":[{"@type":"WebPage","@id":"https:\/\/cdes.fr\/?p=15870","url":"https:\/\/cdes.fr\/?p=15870","name":"Liste officielle promo 2 : Management strat\u00e9gique de la crise - CDES","isPartOf":{"@id":"https:\/\/cdes.fr\/#website"},"primaryImageOfPage":{"@id":"https:\/\/cdes.fr\/?p=15870#primaryimage"},"image":{"@id":"https:\/\/cdes.fr\/?p=15870#primaryimage"},"thumbnailUrl":"https:\/\/cdes.fr\/wp-content\/uploads\/2024\/10\/MSC2_Liste-participants-1-2-724x1024.png","datePublished":"2024-10-03T15:30:00+00:00","dateModified":"2024-11-27T09:57:29+00:00","author":{"@id":"https:\/\/cdes.fr\/#\/schema\/person\/3fd95d04f12a9edf5003ec0df19d43bc"},"breadcrumb":{"@id":"https:\/\/cdes.fr\/?p=15870#breadcrumb"},"inLanguage":"fr-FR","potentialAction":[{"@type":"ReadAction","target":["https:\/\/cdes.fr\/?p=15870"]}]},{"@type":"ImageObject","inLanguage":"fr-FR","@id":"https:\/\/cdes.fr\/?p=15870#primaryimage","url":"https:\/\/cdes.fr\/wp-content\/uploads\/2024\/10\/MSC2_Liste-participants-1-2.png","contentUrl":"https:\/\/cdes.fr\/wp-content\/uploads\/2024\/10\/MSC2_Liste-participants-1-2.png","width":1654,"height":2339},{"@type":"BreadcrumbList","@id":"https:\/\/cdes.fr\/?p=15870#breadcrumb","itemListElement":[{"@type":"ListItem","position":1,"name":"Accueil","item":"https:\/\/cdes.fr\/"},{"@type":"ListItem","position":2,"name":"Liste officielle promo 2 : Management strat\u00e9gique de la crise"}]},{"@type":"WebSite","@id":"https:\/\/cdes.fr\/#website","url":"https:\/\/cdes.fr\/","name":"CDES","description":"Centre de Droit et d&#039;Economie du Sport","potentialAction":[{"@type":"SearchAction","target":{"@type":"EntryPoint","urlTemplate":"https:\/\/cdes.fr\/?s={search_term_string}"},"query-input":{"@type":"PropertyValueSpecification","valueRequired":true,"valueName":"search_term_string"}}],"inLanguage":"fr-FR"},{"@type":"Person","@id":"https:\/\/cdes.fr\/#\/schema\/person\/3fd95d04f12a9edf5003ec0df19d43bc","name":"Viktoria Rosta","image":{"@type":"ImageObject","inLanguage":"fr-FR","@id":"https:\/\/cdes.fr\/#\/schema\/person\/image\/","url":"https:\/\/secure.gravatar.com\/avatar\/139dff69b1764c6ee4a6645c2ecf0b8ba8c5951b492b44d8858b07f7c293c210?s=96&d=mm&r=g","contentUrl":"https:\/\/secure.gravatar.com\/avatar\/139dff69b1764c6ee4a6645c2ecf0b8ba8c5951b492b44d8858b07f7c293c210?s=96&d=mm&r=g","caption":"Viktoria Rosta"},"url":"https:\/\/cdes.fr\/?author=92"}]}},"_links":{"self":[{"href":"https:\/\/cdes.fr\/index.php?rest_route=\/wp\/v2\/posts\/15870","targetHints":{"allow":["GET"]}}],"collection":[{"href":"https:\/\/cdes.fr\/index.php?rest_route=\/wp\/v2\/posts"}],"about":[{"href":"https:\/\/cdes.fr\/index.php?rest_route=\/wp\/v2\/types\/post"}],"author":[{"embeddable":true,"href":"https:\/\/cdes.fr\/index.php?rest_route=\/wp\/v2\/users\/92"}],"replies":[{"embeddable":true,"href":"https:\/\/cdes.fr\/index.php?rest_route=%2Fwp%2Fv2%2Fcomments&post=15870"}],"version-history":[{"count":8,"href":"https:\/\/cdes.fr\/index.php?rest_route=\/wp\/v2\/posts\/15870\/revisions"}],"predecessor-version":[{"id":16017,"href":"https:\/\/cdes.fr\/index.php?rest_route=\/wp\/v2\/posts\/15870\/revisions\/16017"}],"wp:attachment":[{"href":"https:\/\/cdes.fr\/index.php?rest_route=%2Fwp%2Fv2%2Fmedia&parent=15870"}],"wp:term":[{"taxonomy":"category","embeddable":true,"href":"https:\/\/cdes.fr\/index.php?rest_route=%2Fwp%2Fv2%2Fcategories&post=15870"},{"taxonomy":"post_tag","embeddable":true,"href":"https:\/\/cdes.fr\/index.php?rest_route=%2Fwp%2Fv2%2Ftags&post=15870"}],"curies":[{"name":"wp","href":"https:\/\/api.w.org\/{rel}","templated":true}]}}