{"id":15043,"date":"2024-06-12T17:20:00","date_gmt":"2024-06-12T15:20:00","guid":{"rendered":"https:\/\/cdes.fr\/?p=15043"},"modified":"2024-10-23T11:51:33","modified_gmt":"2024-10-23T09:51:33","slug":"liste-des-admis-du-master-2-droit-et-economie-du-sport-2024-2025","status":"publish","type":"post","link":"https:\/\/cdes.fr\/?p=15043","title":{"rendered":"LISTE DES ADMIS DU MASTER 2 DROIT ET \u00c9CONOMIE DU SPORT &#8211; 2024\/2025"},"content":{"rendered":"\t\t<div data-elementor-type=\"wp-post\" data-elementor-id=\"15043\" class=\"elementor elementor-15043\" data-elementor-post-type=\"post\">\n\t\t\t\t\t\t<section class=\"penci-section penci-disSticky penci-structure-10 elementor-section elementor-top-section elementor-element elementor-element-c20f187 elementor-section-boxed elementor-section-height-default elementor-section-height-default\" data-id=\"c20f187\" data-element_type=\"section\">\n\t\t\t\t\t\t<div class=\"elementor-container elementor-column-gap-default\">\n\t\t\t\t\t<div class=\"penci-ercol-100 penci-ercol-order-1 penci-sticky-ct    elementor-column elementor-col-100 elementor-top-column elementor-element elementor-element-0380b47\" data-id=\"0380b47\" data-element_type=\"column\">\n\t\t\t<div class=\"elementor-widget-wrap elementor-element-populated\">\n\t\t\t\t\t\t<div class=\"elementor-element elementor-element-f9e4be5 elementor-widget elementor-widget-text-editor\" data-id=\"f9e4be5\" data-element_type=\"widget\" data-widget_type=\"text-editor.default\">\n\t\t\t\t<div class=\"elementor-widget-container\">\n\t\t\t\t\t\t\t\t\t<p><strong>La s\u00e9lection d\u00e9finitive du Master 2 \u00ab Droit et \u00c9conomie du Sport \u00bb pour l\u2019ann\u00e9e 2024-2025 est connue.<\/strong><\/p><p>Sur une centaine de candidatures via la plateforme e-candidat, une pr\u00e9s\u00e9lection de 40 personnes avait \u00e9t\u00e9 effectu\u00e9e sur dossier. Ces personnes ont pass\u00e9 les \u00e9preuves (\u00e9crite et orale) de s\u00e9lection d\u00e9finitive du 03 au 07 juin 2024.<\/p><p><strong>Au final, 20 candidats ont \u00e9t\u00e9 retenus (4 au titre de la formation continue, 16 au titre de la formation initiale) qui rejoignent les 3 professionnels qui suivent la formation sur 2 ann\u00e9es universitaires.<\/strong><\/p>\t\t\t\t\t\t\t\t<\/div>\n\t\t\t\t<\/div>\n\t\t\t\t<div class=\"elementor-element elementor-element-92a8378 elementor-align-center elementor-widget elementor-widget-button\" data-id=\"92a8378\" data-element_type=\"widget\" data-widget_type=\"button.default\">\n\t\t\t\t<div class=\"elementor-widget-container\">\n\t\t\t\t\t\t\t\t\t<div class=\"elementor-button-wrapper\">\n\t\t\t\t\t<a class=\"elementor-button elementor-button-link elementor-size-sm\" href=\"https:\/\/cdes.fr\/wp-content\/uploads\/2024\/06\/M2-P41_Admis.pdf\">\n\t\t\t\t\t\t<span class=\"elementor-button-content-wrapper\">\n\t\t\t\t\t\t\t\t\t<span class=\"elementor-button-text\">Liste des admis P41<\/span>\n\t\t\t\t\t<\/span>\n\t\t\t\t\t<\/a>\n\t\t\t\t<\/div>\n\t\t\t\t\t\t\t\t<\/div>\n\t\t\t\t<\/div>\n\t\t\t\t\t<\/div>\n\t\t<\/div>\n\t\t\t\t\t<\/div>\n\t\t<\/section>\n\t\t\t\t<\/div>\n\t\t","protected":false},"excerpt":{"rendered":"<p>La s\u00e9lection d\u00e9finitive du Master 2 \u00ab Droit et \u00c9conomie du Sport \u00bb pour l\u2019ann\u00e9e 2024-2025 est connue. Sur une centaine de candidatures via la plateforme e-candidat, une pr\u00e9s\u00e9lection de 40 personnes&hellip;<\/p>\n","protected":false},"author":92,"featured_media":15045,"comment_status":"closed","ping_status":"closed","sticky":false,"template":"","format":"standard","meta":{"_lmt_disableupdate":"","_lmt_disable":"","footnotes":"","beyondwords_generate_audio":"","beyondwords_project_id":"","beyondwords_content_id":"","beyondwords_preview_token":"","beyondwords_player_content":"","beyondwords_player_style":"","beyondwords_language_code":"","beyondwords_language_id":"","beyondwords_title_voice_id":"","beyondwords_body_voice_id":"","beyondwords_summary_voice_id":"","beyondwords_error_message":"","beyondwords_disabled":"","beyondwords_delete_content":"","beyondwords_podcast_id":"","beyondwords_hash":"","publish_post_to_speechkit":"","speechkit_hash":"","speechkit_generate_audio":"","speechkit_project_id":"","speechkit_podcast_id":"","speechkit_error_message":"","speechkit_disabled":"","speechkit_access_key":"","speechkit_error":"","speechkit_info":"","speechkit_response":"","speechkit_retries":"","speechkit_status":"","speechkit_updated_at":"","_speechkit_link":"","_speechkit_text":""},"categories":[2,7],"tags":[91,314],"class_list":["post-15043","post","type-post","status-publish","format-standard","has-post-thumbnail","hentry","category-cdes","category-formations","tag-actualite","tag-article"],"yoast_head":"<!-- This site is optimized with the Yoast SEO plugin v25.3.1 - https:\/\/yoast.com\/wordpress\/plugins\/seo\/ -->\n<title>LISTE DES ADMIS DU MASTER 2 DROIT ET \u00c9CONOMIE DU SPORT - 2024\/2025 - CDES<\/title>\n<meta name=\"robots\" content=\"index, follow, max-snippet:-1, max-image-preview:large, max-video-preview:-1\" \/>\n<link rel=\"canonical\" href=\"https:\/\/cdes.fr\/?p=15043\" \/>\n<meta property=\"og:locale\" content=\"fr_FR\" \/>\n<meta property=\"og:type\" content=\"article\" \/>\n<meta property=\"og:title\" content=\"LISTE DES ADMIS DU MASTER 2 DROIT ET \u00c9CONOMIE DU SPORT - 2024\/2025 - CDES\" \/>\n<meta property=\"og:description\" content=\"La s\u00e9lection d\u00e9finitive du Master 2 \u00ab Droit et \u00c9conomie du Sport \u00bb pour l\u2019ann\u00e9e 2024-2025 est connue. Sur une centaine de candidatures via la plateforme e-candidat, une pr\u00e9s\u00e9lection de 40 personnes&hellip;\" \/>\n<meta property=\"og:url\" content=\"https:\/\/cdes.fr\/?p=15043\" \/>\n<meta property=\"og:site_name\" content=\"CDES\" \/>\n<meta property=\"article:published_time\" content=\"2024-06-12T15:20:00+00:00\" \/>\n<meta property=\"article:modified_time\" content=\"2024-10-23T09:51:33+00:00\" \/>\n<meta property=\"og:image\" content=\"https:\/\/cdes.fr\/wp-content\/uploads\/2024\/06\/ADMIS-P41.png\" \/>\n\t<meta property=\"og:image:width\" content=\"1000\" \/>\n\t<meta property=\"og:image:height\" content=\"628\" \/>\n\t<meta property=\"og:image:type\" content=\"image\/png\" \/>\n<meta name=\"author\" content=\"Viktoria Rosta\" \/>\n<meta name=\"twitter:card\" content=\"summary_large_image\" \/>\n<meta name=\"twitter:label1\" content=\"\u00c9crit par\" \/>\n\t<meta name=\"twitter:data1\" content=\"Viktoria Rosta\" \/>\n<script type=\"application\/ld+json\" class=\"yoast-schema-graph\">{\"@context\":\"https:\/\/schema.org\",\"@graph\":[{\"@type\":\"WebPage\",\"@id\":\"https:\/\/cdes.fr\/?p=15043\",\"url\":\"https:\/\/cdes.fr\/?p=15043\",\"name\":\"LISTE DES ADMIS DU MASTER 2 DROIT ET \u00c9CONOMIE DU SPORT - 2024\/2025 - CDES\",\"isPartOf\":{\"@id\":\"https:\/\/cdes.fr\/#website\"},\"primaryImageOfPage\":{\"@id\":\"https:\/\/cdes.fr\/?p=15043#primaryimage\"},\"image\":{\"@id\":\"https:\/\/cdes.fr\/?p=15043#primaryimage\"},\"thumbnailUrl\":\"https:\/\/cdes.fr\/wp-content\/uploads\/2024\/06\/ADMIS-P41.png\",\"datePublished\":\"2024-06-12T15:20:00+00:00\",\"dateModified\":\"2024-10-23T09:51:33+00:00\",\"author\":{\"@id\":\"https:\/\/cdes.fr\/#\/schema\/person\/3fd95d04f12a9edf5003ec0df19d43bc\"},\"breadcrumb\":{\"@id\":\"https:\/\/cdes.fr\/?p=15043#breadcrumb\"},\"inLanguage\":\"fr-FR\",\"potentialAction\":[{\"@type\":\"ReadAction\",\"target\":[\"https:\/\/cdes.fr\/?p=15043\"]}]},{\"@type\":\"ImageObject\",\"inLanguage\":\"fr-FR\",\"@id\":\"https:\/\/cdes.fr\/?p=15043#primaryimage\",\"url\":\"https:\/\/cdes.fr\/wp-content\/uploads\/2024\/06\/ADMIS-P41.png\",\"contentUrl\":\"https:\/\/cdes.fr\/wp-content\/uploads\/2024\/06\/ADMIS-P41.png\",\"width\":1000,\"height\":628},{\"@type\":\"BreadcrumbList\",\"@id\":\"https:\/\/cdes.fr\/?p=15043#breadcrumb\",\"itemListElement\":[{\"@type\":\"ListItem\",\"position\":1,\"name\":\"Accueil\",\"item\":\"https:\/\/cdes.fr\/\"},{\"@type\":\"ListItem\",\"position\":2,\"name\":\"LISTE DES ADMIS DU MASTER 2 DROIT ET \u00c9CONOMIE DU SPORT &#8211; 2024\/2025\"}]},{\"@type\":\"WebSite\",\"@id\":\"https:\/\/cdes.fr\/#website\",\"url\":\"https:\/\/cdes.fr\/\",\"name\":\"CDES\",\"description\":\"Centre de Droit et d&#039;Economie du Sport\",\"potentialAction\":[{\"@type\":\"SearchAction\",\"target\":{\"@type\":\"EntryPoint\",\"urlTemplate\":\"https:\/\/cdes.fr\/?s={search_term_string}\"},\"query-input\":{\"@type\":\"PropertyValueSpecification\",\"valueRequired\":true,\"valueName\":\"search_term_string\"}}],\"inLanguage\":\"fr-FR\"},{\"@type\":\"Person\",\"@id\":\"https:\/\/cdes.fr\/#\/schema\/person\/3fd95d04f12a9edf5003ec0df19d43bc\",\"name\":\"Viktoria Rosta\",\"image\":{\"@type\":\"ImageObject\",\"inLanguage\":\"fr-FR\",\"@id\":\"https:\/\/cdes.fr\/#\/schema\/person\/image\/\",\"url\":\"https:\/\/secure.gravatar.com\/avatar\/139dff69b1764c6ee4a6645c2ecf0b8ba8c5951b492b44d8858b07f7c293c210?s=96&d=mm&r=g\",\"contentUrl\":\"https:\/\/secure.gravatar.com\/avatar\/139dff69b1764c6ee4a6645c2ecf0b8ba8c5951b492b44d8858b07f7c293c210?s=96&d=mm&r=g\",\"caption\":\"Viktoria Rosta\"},\"url\":\"https:\/\/cdes.fr\/?author=92\"}]}<\/script>\n<!-- \/ Yoast SEO plugin. -->","yoast_head_json":{"title":"LISTE DES ADMIS DU MASTER 2 DROIT ET \u00c9CONOMIE DU SPORT - 2024\/2025 - CDES","robots":{"index":"index","follow":"follow","max-snippet":"max-snippet:-1","max-image-preview":"max-image-preview:large","max-video-preview":"max-video-preview:-1"},"canonical":"https:\/\/cdes.fr\/?p=15043","og_locale":"fr_FR","og_type":"article","og_title":"LISTE DES ADMIS DU MASTER 2 DROIT ET \u00c9CONOMIE DU SPORT - 2024\/2025 - CDES","og_description":"La s\u00e9lection d\u00e9finitive du Master 2 \u00ab Droit et \u00c9conomie du Sport \u00bb pour l\u2019ann\u00e9e 2024-2025 est connue. Sur une centaine de candidatures via la plateforme e-candidat, une pr\u00e9s\u00e9lection de 40 personnes&hellip;","og_url":"https:\/\/cdes.fr\/?p=15043","og_site_name":"CDES","article_published_time":"2024-06-12T15:20:00+00:00","article_modified_time":"2024-10-23T09:51:33+00:00","og_image":[{"width":1000,"height":628,"url":"https:\/\/cdes.fr\/wp-content\/uploads\/2024\/06\/ADMIS-P41.png","type":"image\/png"}],"author":"Viktoria Rosta","twitter_card":"summary_large_image","twitter_misc":{"\u00c9crit par":"Viktoria Rosta"},"schema":{"@context":"https:\/\/schema.org","@graph":[{"@type":"WebPage","@id":"https:\/\/cdes.fr\/?p=15043","url":"https:\/\/cdes.fr\/?p=15043","name":"LISTE DES ADMIS DU MASTER 2 DROIT ET \u00c9CONOMIE DU SPORT - 2024\/2025 - CDES","isPartOf":{"@id":"https:\/\/cdes.fr\/#website"},"primaryImageOfPage":{"@id":"https:\/\/cdes.fr\/?p=15043#primaryimage"},"image":{"@id":"https:\/\/cdes.fr\/?p=15043#primaryimage"},"thumbnailUrl":"https:\/\/cdes.fr\/wp-content\/uploads\/2024\/06\/ADMIS-P41.png","datePublished":"2024-06-12T15:20:00+00:00","dateModified":"2024-10-23T09:51:33+00:00","author":{"@id":"https:\/\/cdes.fr\/#\/schema\/person\/3fd95d04f12a9edf5003ec0df19d43bc"},"breadcrumb":{"@id":"https:\/\/cdes.fr\/?p=15043#breadcrumb"},"inLanguage":"fr-FR","potentialAction":[{"@type":"ReadAction","target":["https:\/\/cdes.fr\/?p=15043"]}]},{"@type":"ImageObject","inLanguage":"fr-FR","@id":"https:\/\/cdes.fr\/?p=15043#primaryimage","url":"https:\/\/cdes.fr\/wp-content\/uploads\/2024\/06\/ADMIS-P41.png","contentUrl":"https:\/\/cdes.fr\/wp-content\/uploads\/2024\/06\/ADMIS-P41.png","width":1000,"height":628},{"@type":"BreadcrumbList","@id":"https:\/\/cdes.fr\/?p=15043#breadcrumb","itemListElement":[{"@type":"ListItem","position":1,"name":"Accueil","item":"https:\/\/cdes.fr\/"},{"@type":"ListItem","position":2,"name":"LISTE DES ADMIS DU MASTER 2 DROIT ET \u00c9CONOMIE DU SPORT &#8211; 2024\/2025"}]},{"@type":"WebSite","@id":"https:\/\/cdes.fr\/#website","url":"https:\/\/cdes.fr\/","name":"CDES","description":"Centre de Droit et d&#039;Economie du Sport","potentialAction":[{"@type":"SearchAction","target":{"@type":"EntryPoint","urlTemplate":"https:\/\/cdes.fr\/?s={search_term_string}"},"query-input":{"@type":"PropertyValueSpecification","valueRequired":true,"valueName":"search_term_string"}}],"inLanguage":"fr-FR"},{"@type":"Person","@id":"https:\/\/cdes.fr\/#\/schema\/person\/3fd95d04f12a9edf5003ec0df19d43bc","name":"Viktoria Rosta","image":{"@type":"ImageObject","inLanguage":"fr-FR","@id":"https:\/\/cdes.fr\/#\/schema\/person\/image\/","url":"https:\/\/secure.gravatar.com\/avatar\/139dff69b1764c6ee4a6645c2ecf0b8ba8c5951b492b44d8858b07f7c293c210?s=96&d=mm&r=g","contentUrl":"https:\/\/secure.gravatar.com\/avatar\/139dff69b1764c6ee4a6645c2ecf0b8ba8c5951b492b44d8858b07f7c293c210?s=96&d=mm&r=g","caption":"Viktoria Rosta"},"url":"https:\/\/cdes.fr\/?author=92"}]}},"_links":{"self":[{"href":"https:\/\/cdes.fr\/index.php?rest_route=\/wp\/v2\/posts\/15043","targetHints":{"allow":["GET"]}}],"collection":[{"href":"https:\/\/cdes.fr\/index.php?rest_route=\/wp\/v2\/posts"}],"about":[{"href":"https:\/\/cdes.fr\/index.php?rest_route=\/wp\/v2\/types\/post"}],"author":[{"embeddable":true,"href":"https:\/\/cdes.fr\/index.php?rest_route=\/wp\/v2\/users\/92"}],"replies":[{"embeddable":true,"href":"https:\/\/cdes.fr\/index.php?rest_route=%2Fwp%2Fv2%2Fcomments&post=15043"}],"version-history":[{"count":8,"href":"https:\/\/cdes.fr\/index.php?rest_route=\/wp\/v2\/posts\/15043\/revisions"}],"predecessor-version":[{"id":16011,"href":"https:\/\/cdes.fr\/index.php?rest_route=\/wp\/v2\/posts\/15043\/revisions\/16011"}],"wp:featuredmedia":[{"embeddable":true,"href":"https:\/\/cdes.fr\/index.php?rest_route=\/wp\/v2\/media\/15045"}],"wp:attachment":[{"href":"https:\/\/cdes.fr\/index.php?rest_route=%2Fwp%2Fv2%2Fmedia&parent=15043"}],"wp:term":[{"taxonomy":"category","embeddable":true,"href":"https:\/\/cdes.fr\/index.php?rest_route=%2Fwp%2Fv2%2Fcategories&post=15043"},{"taxonomy":"post_tag","embeddable":true,"href":"https:\/\/cdes.fr\/index.php?rest_route=%2Fwp%2Fv2%2Ftags&post=15043"}],"curies":[{"name":"wp","href":"https:\/\/api.w.org\/{rel}","templated":true}]}}