{"id":14568,"date":"2024-03-18T09:30:00","date_gmt":"2024-03-18T08:30:00","guid":{"rendered":"https:\/\/cdes.fr\/?p=14568"},"modified":"2024-05-17T13:46:35","modified_gmt":"2024-05-17T11:46:35","slug":"le-cdes-fait-son-mercato","status":"publish","type":"post","link":"https:\/\/cdes.fr\/?p=14568","title":{"rendered":"Le CDES fait son mercato !"},"content":{"rendered":"\t\t<div data-elementor-type=\"wp-post\" data-elementor-id=\"14568\" class=\"elementor elementor-14568\" data-elementor-post-type=\"post\">\n\t\t\t\t\t\t<section class=\"penci-section penci-disSticky penci-structure-10 elementor-section elementor-top-section elementor-element elementor-element-d59a910 elementor-section-boxed elementor-section-height-default elementor-section-height-default\" data-id=\"d59a910\" data-element_type=\"section\">\n\t\t\t\t\t\t<div class=\"elementor-container elementor-column-gap-default\">\n\t\t\t\t\t<div class=\"penci-ercol-100 penci-ercol-order-1 penci-sticky-ct    elementor-column elementor-col-100 elementor-top-column elementor-element elementor-element-d837397\" data-id=\"d837397\" data-element_type=\"column\">\n\t\t\t<div class=\"elementor-widget-wrap elementor-element-populated\">\n\t\t\t\t\t\t<div class=\"elementor-element elementor-element-772d4e6 elementor-widget elementor-widget-text-editor\" data-id=\"772d4e6\" data-element_type=\"widget\" data-widget_type=\"text-editor.default\">\n\t\t\t\t<div class=\"elementor-widget-container\">\n\t\t\t\t\t\t\t\t\t<p>Nous sommes tr\u00e8s heureux de vous annoncer deux mouvements au sein de notre \u00e9quipe.<\/p>\t\t\t\t\t\t\t\t<\/div>\n\t\t\t\t<\/div>\n\t\t\t\t<div class=\"elementor-element elementor-element-9f813a0 elementor-widget elementor-widget-text-editor\" data-id=\"9f813a0\" data-element_type=\"widget\" data-widget_type=\"text-editor.default\">\n\t\t\t\t<div class=\"elementor-widget-container\">\n\t\t\t\t\t\t\t\t\t<p>Tout d\u2019abord, l\u2019arriv\u00e9e d\u2019Emmanuelle Bru qui rejoint aujourd\u2019hui l\u2019\u00e9quipe \u00e9conomique en tant que Charg\u00e9e d\u2019\u00e9tudes. Dipl\u00f4m\u00e9e de l\u2019Institut d\u2019Etudes Politiques de Grenoble et du programme European Handball Manager (EHM) de l\u2019Universit\u00e9 de Cologne, Emmanuelle a d\u00e9j\u00e0 derri\u00e8re elle une belle exp\u00e9rience au sein du sport fran\u00e7ais. Apr\u00e8s avoir pass\u00e9 deux ans au HBC Nantes en tant que Directrice g\u00e9n\u00e9rale (2015-2017), elle a ensuite pris la direction du Cluster \u00ab Grand Paris Sport \u00bb (Essonne) durant pr\u00e8s de quatre ans (2018-2022). Elle \u00e9voluait ces derniers mois chez On Location en tant que Manager des relations institutionnelles. Elle est \u00e9galement Superviseure marketing pour le compte de l\u2019EHF et op\u00e8re toujours r\u00e9guli\u00e8rement sur des matchs de Ligue des champions, fonctions qu\u2019elle conservera d\u2019ailleurs en marge de ses activit\u00e9s au CDES. D\u00e9sireuse de mettre son expertise au service de l\u2019accompagnement d\u2019acteurs publics et sportifs, Emmanuelle int\u00e8gre donc l\u2019\u00e9quipe \u00e9conomique au sein de laquelle elle apportera sa connaissance fine du sport et de ses acteurs.<\/p>\t\t\t\t\t\t\t\t<\/div>\n\t\t\t\t<\/div>\n\t\t\t\t<div class=\"elementor-element elementor-element-c758e06 elementor-widget elementor-widget-image\" data-id=\"c758e06\" data-element_type=\"widget\" data-widget_type=\"image.default\">\n\t\t\t\t<div class=\"elementor-widget-container\">\n\t\t\t\t\t\t\t\t\t\t\t\t\t\t\t<img decoding=\"async\" src=\"https:\/\/cdes.fr\/wp-content\/uploads\/2024\/03\/Photo-portrait-EB.jpg\" title=\"\" alt=\"\" loading=\"lazy\" \/>\t\t\t\t\t\t\t\t\t\t\t\t\t\t\t<\/div>\n\t\t\t\t<\/div>\n\t\t\t\t<div class=\"elementor-element elementor-element-fb23ed5 elementor-widget-divider--view-line elementor-widget elementor-widget-divider\" data-id=\"fb23ed5\" data-element_type=\"widget\" data-widget_type=\"divider.default\">\n\t\t\t\t<div class=\"elementor-widget-container\">\n\t\t\t\t\t\t\t<div class=\"elementor-divider\">\n\t\t\t<span class=\"elementor-divider-separator\">\n\t\t\t\t\t\t<\/span>\n\t\t<\/div>\n\t\t\t\t\t\t<\/div>\n\t\t\t\t<\/div>\n\t\t\t\t<div class=\"elementor-element elementor-element-6d2cc29 elementor-widget elementor-widget-text-editor\" data-id=\"6d2cc29\" data-element_type=\"widget\" data-widget_type=\"text-editor.default\">\n\t\t\t\t<div class=\"elementor-widget-container\">\n\t\t\t\t\t\t\t\t\t<p>Cette arriv\u00e9e fait suite \u00e0 la promotion interne de Florent Bergmann qui prend de son c\u00f4t\u00e9 le poste de Manager de projets nouvellement cr\u00e9\u00e9. Ayant rejoint l\u2019\u00e9quipe \u00e9conomique en mars 2022, Florent a coordonn\u00e9 de tr\u00e8s nombreuses \u00e9tudes pour le compte du CDES que cela soit sur l\u2019impact \u00e9conomique d\u2019\u00e9v\u00e8nements et de clubs sportifs, l\u2019emploi f\u00e9d\u00e9ral (voile, tir) ou encore sur la valorisation de soci\u00e9t\u00e9s sportives. Pleinement satisfaits de son activit\u00e9 et convaincus qu\u2019il saura endosser ce nouveau r\u00f4le, nous avons donc fait le choix de lui confier ce nouveau poste de Manager de projets.<\/p>\t\t\t\t\t\t\t\t<\/div>\n\t\t\t\t<\/div>\n\t\t\t\t<div class=\"elementor-element elementor-element-811f746 elementor-widget elementor-widget-text-editor\" data-id=\"811f746\" data-element_type=\"widget\" data-widget_type=\"text-editor.default\">\n\t\t\t\t<div class=\"elementor-widget-container\">\n\t\t\t\t\t\t\t\t\t<p>Cette promotion interne de Florent et cette arriv\u00e9e d\u2019Emmanuelle s\u2019inscrivent en effet dans le cadre de la r\u00e9organisation que nous avons engag\u00e9e qui s\u2019est traduite par deux \u00e9volutions majeures\u00a0:<\/p><ul><li>La cr\u00e9ation d\u2019un Comit\u00e9 ex\u00e9cutif pour suivre l\u2019activit\u00e9 quotidienne et faire remonter des informations ou formuler des propositions au Comit\u00e9 de gestion de notre structure.<\/li><li>La cr\u00e9ation d\u2019un poste de manager de projets charg\u00e9 de prendre en charge ce qui ne rel\u00e8ve pas de la responsabilit\u00e9 d\u2019un p\u00f4le particulier et d\u2019assurer transversalit\u00e9 et synergie entre nos diff\u00e9rentes activit\u00e9s.<\/li><\/ul>\t\t\t\t\t\t\t\t<\/div>\n\t\t\t\t<\/div>\n\t\t\t\t<div class=\"elementor-element elementor-element-1bf9442 elementor-widget elementor-widget-heading\" data-id=\"1bf9442\" data-element_type=\"widget\" data-widget_type=\"heading.default\">\n\t\t\t\t<div class=\"elementor-widget-container\">\n\t\t\t\t\t<h5 class=\"elementor-heading-title elementor-size-default\">Nous tenons \u00e0 souhaiter une pleine r\u00e9ussite \u00e0 Florent dans ses nouvelles fonctions ainsi que la bienvenue \u00e0 Emmanuelle que nous sommes ravis d\u2019accueillir au sein de notre \u00e9quipe.<\/h5>\t\t\t\t<\/div>\n\t\t\t\t<\/div>\n\t\t\t\t\t<\/div>\n\t\t<\/div>\n\t\t\t\t\t<\/div>\n\t\t<\/section>\n\t\t\t\t<\/div>\n\t\t","protected":false},"excerpt":{"rendered":"<p>Nous sommes tr\u00e8s heureux de vous annoncer deux mouvements au sein de notre \u00e9quipe. Tout d\u2019abord, l\u2019arriv\u00e9e d\u2019Emmanuelle Bru qui rejoint aujourd\u2019hui l\u2019\u00e9quipe \u00e9conomique en tant que Charg\u00e9e d\u2019\u00e9tudes. Dipl\u00f4m\u00e9e de l\u2019Institut&hellip;<\/p>\n","protected":false},"author":92,"featured_media":14569,"comment_status":"closed","ping_status":"closed","sticky":false,"template":"","format":"standard","meta":{"_lmt_disableupdate":"","_lmt_disable":"","footnotes":"","beyondwords_generate_audio":"","beyondwords_project_id":"","beyondwords_content_id":"","beyondwords_preview_token":"","beyondwords_player_content":"","beyondwords_player_style":"","beyondwords_language_code":"","beyondwords_language_id":"","beyondwords_title_voice_id":"","beyondwords_body_voice_id":"","beyondwords_summary_voice_id":"","beyondwords_error_message":"","beyondwords_disabled":"","beyondwords_delete_content":"","beyondwords_podcast_id":"","beyondwords_hash":"","publish_post_to_speechkit":"","speechkit_hash":"","speechkit_generate_audio":"","speechkit_project_id":"","speechkit_podcast_id":"","speechkit_error_message":"","speechkit_disabled":"","speechkit_access_key":"","speechkit_error":"","speechkit_info":"","speechkit_response":"","speechkit_retries":"","speechkit_status":"","speechkit_updated_at":"","_speechkit_link":"","_speechkit_text":""},"categories":[2],"tags":[599,314,34,70,601,183],"class_list":["post-14568","post","type-post","status-publish","format-standard","has-post-thumbnail","hentry","category-cdes","tag-599","tag-article","tag-economie","tag-economie-du-sport","tag-mouvement","tag-sport"],"yoast_head":"<!-- This site is optimized with the Yoast SEO plugin v25.3.1 - https:\/\/yoast.com\/wordpress\/plugins\/seo\/ -->\n<title>Le CDES fait son mercato ! - CDES<\/title>\n<meta name=\"robots\" content=\"index, follow, max-snippet:-1, max-image-preview:large, max-video-preview:-1\" \/>\n<link rel=\"canonical\" href=\"https:\/\/cdes.fr\/?p=14568\" \/>\n<meta property=\"og:locale\" content=\"fr_FR\" \/>\n<meta property=\"og:type\" content=\"article\" \/>\n<meta property=\"og:title\" content=\"Le CDES fait son mercato ! - CDES\" \/>\n<meta property=\"og:description\" content=\"Nous sommes tr\u00e8s heureux de vous annoncer deux mouvements au sein de notre \u00e9quipe. Tout d\u2019abord, l\u2019arriv\u00e9e d\u2019Emmanuelle Bru qui rejoint aujourd\u2019hui l\u2019\u00e9quipe \u00e9conomique en tant que Charg\u00e9e d\u2019\u00e9tudes. Dipl\u00f4m\u00e9e de l\u2019Institut&hellip;\" \/>\n<meta property=\"og:url\" content=\"https:\/\/cdes.fr\/?p=14568\" \/>\n<meta property=\"og:site_name\" content=\"CDES\" \/>\n<meta property=\"article:published_time\" content=\"2024-03-18T08:30:00+00:00\" \/>\n<meta property=\"article:modified_time\" content=\"2024-05-17T11:46:35+00:00\" \/>\n<meta property=\"og:image\" content=\"https:\/\/cdes.fr\/wp-content\/uploads\/2024\/03\/Mercato.png\" \/>\n\t<meta property=\"og:image:width\" content=\"1080\" \/>\n\t<meta property=\"og:image:height\" content=\"800\" \/>\n\t<meta property=\"og:image:type\" content=\"image\/png\" \/>\n<meta name=\"author\" content=\"Viktoria Rosta\" \/>\n<meta name=\"twitter:card\" content=\"summary_large_image\" \/>\n<meta name=\"twitter:label1\" content=\"\u00c9crit par\" \/>\n\t<meta name=\"twitter:data1\" content=\"Viktoria Rosta\" \/>\n\t<meta name=\"twitter:label2\" content=\"Dur\u00e9e de lecture estim\u00e9e\" \/>\n\t<meta name=\"twitter:data2\" content=\"2 minutes\" \/>\n<script type=\"application\/ld+json\" class=\"yoast-schema-graph\">{\"@context\":\"https:\/\/schema.org\",\"@graph\":[{\"@type\":\"WebPage\",\"@id\":\"https:\/\/cdes.fr\/?p=14568\",\"url\":\"https:\/\/cdes.fr\/?p=14568\",\"name\":\"Le CDES fait son mercato ! - CDES\",\"isPartOf\":{\"@id\":\"https:\/\/cdes.fr\/#website\"},\"primaryImageOfPage\":{\"@id\":\"https:\/\/cdes.fr\/?p=14568#primaryimage\"},\"image\":{\"@id\":\"https:\/\/cdes.fr\/?p=14568#primaryimage\"},\"thumbnailUrl\":\"https:\/\/cdes.fr\/wp-content\/uploads\/2024\/03\/Mercato.png\",\"datePublished\":\"2024-03-18T08:30:00+00:00\",\"dateModified\":\"2024-05-17T11:46:35+00:00\",\"author\":{\"@id\":\"https:\/\/cdes.fr\/#\/schema\/person\/3fd95d04f12a9edf5003ec0df19d43bc\"},\"breadcrumb\":{\"@id\":\"https:\/\/cdes.fr\/?p=14568#breadcrumb\"},\"inLanguage\":\"fr-FR\",\"potentialAction\":[{\"@type\":\"ReadAction\",\"target\":[\"https:\/\/cdes.fr\/?p=14568\"]}]},{\"@type\":\"ImageObject\",\"inLanguage\":\"fr-FR\",\"@id\":\"https:\/\/cdes.fr\/?p=14568#primaryimage\",\"url\":\"https:\/\/cdes.fr\/wp-content\/uploads\/2024\/03\/Mercato.png\",\"contentUrl\":\"https:\/\/cdes.fr\/wp-content\/uploads\/2024\/03\/Mercato.png\",\"width\":1080,\"height\":800},{\"@type\":\"BreadcrumbList\",\"@id\":\"https:\/\/cdes.fr\/?p=14568#breadcrumb\",\"itemListElement\":[{\"@type\":\"ListItem\",\"position\":1,\"name\":\"Accueil\",\"item\":\"https:\/\/cdes.fr\/\"},{\"@type\":\"ListItem\",\"position\":2,\"name\":\"Le CDES fait son mercato !\"}]},{\"@type\":\"WebSite\",\"@id\":\"https:\/\/cdes.fr\/#website\",\"url\":\"https:\/\/cdes.fr\/\",\"name\":\"CDES\",\"description\":\"Centre de Droit et d&#039;Economie du Sport\",\"potentialAction\":[{\"@type\":\"SearchAction\",\"target\":{\"@type\":\"EntryPoint\",\"urlTemplate\":\"https:\/\/cdes.fr\/?s={search_term_string}\"},\"query-input\":{\"@type\":\"PropertyValueSpecification\",\"valueRequired\":true,\"valueName\":\"search_term_string\"}}],\"inLanguage\":\"fr-FR\"},{\"@type\":\"Person\",\"@id\":\"https:\/\/cdes.fr\/#\/schema\/person\/3fd95d04f12a9edf5003ec0df19d43bc\",\"name\":\"Viktoria Rosta\",\"image\":{\"@type\":\"ImageObject\",\"inLanguage\":\"fr-FR\",\"@id\":\"https:\/\/cdes.fr\/#\/schema\/person\/image\/\",\"url\":\"https:\/\/secure.gravatar.com\/avatar\/139dff69b1764c6ee4a6645c2ecf0b8ba8c5951b492b44d8858b07f7c293c210?s=96&d=mm&r=g\",\"contentUrl\":\"https:\/\/secure.gravatar.com\/avatar\/139dff69b1764c6ee4a6645c2ecf0b8ba8c5951b492b44d8858b07f7c293c210?s=96&d=mm&r=g\",\"caption\":\"Viktoria Rosta\"},\"url\":\"https:\/\/cdes.fr\/?author=92\"}]}<\/script>\n<!-- \/ Yoast SEO plugin. -->","yoast_head_json":{"title":"Le CDES fait son mercato ! - CDES","robots":{"index":"index","follow":"follow","max-snippet":"max-snippet:-1","max-image-preview":"max-image-preview:large","max-video-preview":"max-video-preview:-1"},"canonical":"https:\/\/cdes.fr\/?p=14568","og_locale":"fr_FR","og_type":"article","og_title":"Le CDES fait son mercato ! - CDES","og_description":"Nous sommes tr\u00e8s heureux de vous annoncer deux mouvements au sein de notre \u00e9quipe. Tout d\u2019abord, l\u2019arriv\u00e9e d\u2019Emmanuelle Bru qui rejoint aujourd\u2019hui l\u2019\u00e9quipe \u00e9conomique en tant que Charg\u00e9e d\u2019\u00e9tudes. Dipl\u00f4m\u00e9e de l\u2019Institut&hellip;","og_url":"https:\/\/cdes.fr\/?p=14568","og_site_name":"CDES","article_published_time":"2024-03-18T08:30:00+00:00","article_modified_time":"2024-05-17T11:46:35+00:00","og_image":[{"width":1080,"height":800,"url":"https:\/\/cdes.fr\/wp-content\/uploads\/2024\/03\/Mercato.png","type":"image\/png"}],"author":"Viktoria Rosta","twitter_card":"summary_large_image","twitter_misc":{"\u00c9crit par":"Viktoria Rosta","Dur\u00e9e de lecture estim\u00e9e":"2 minutes"},"schema":{"@context":"https:\/\/schema.org","@graph":[{"@type":"WebPage","@id":"https:\/\/cdes.fr\/?p=14568","url":"https:\/\/cdes.fr\/?p=14568","name":"Le CDES fait son mercato ! - CDES","isPartOf":{"@id":"https:\/\/cdes.fr\/#website"},"primaryImageOfPage":{"@id":"https:\/\/cdes.fr\/?p=14568#primaryimage"},"image":{"@id":"https:\/\/cdes.fr\/?p=14568#primaryimage"},"thumbnailUrl":"https:\/\/cdes.fr\/wp-content\/uploads\/2024\/03\/Mercato.png","datePublished":"2024-03-18T08:30:00+00:00","dateModified":"2024-05-17T11:46:35+00:00","author":{"@id":"https:\/\/cdes.fr\/#\/schema\/person\/3fd95d04f12a9edf5003ec0df19d43bc"},"breadcrumb":{"@id":"https:\/\/cdes.fr\/?p=14568#breadcrumb"},"inLanguage":"fr-FR","potentialAction":[{"@type":"ReadAction","target":["https:\/\/cdes.fr\/?p=14568"]}]},{"@type":"ImageObject","inLanguage":"fr-FR","@id":"https:\/\/cdes.fr\/?p=14568#primaryimage","url":"https:\/\/cdes.fr\/wp-content\/uploads\/2024\/03\/Mercato.png","contentUrl":"https:\/\/cdes.fr\/wp-content\/uploads\/2024\/03\/Mercato.png","width":1080,"height":800},{"@type":"BreadcrumbList","@id":"https:\/\/cdes.fr\/?p=14568#breadcrumb","itemListElement":[{"@type":"ListItem","position":1,"name":"Accueil","item":"https:\/\/cdes.fr\/"},{"@type":"ListItem","position":2,"name":"Le CDES fait son mercato !"}]},{"@type":"WebSite","@id":"https:\/\/cdes.fr\/#website","url":"https:\/\/cdes.fr\/","name":"CDES","description":"Centre de Droit et d&#039;Economie du Sport","potentialAction":[{"@type":"SearchAction","target":{"@type":"EntryPoint","urlTemplate":"https:\/\/cdes.fr\/?s={search_term_string}"},"query-input":{"@type":"PropertyValueSpecification","valueRequired":true,"valueName":"search_term_string"}}],"inLanguage":"fr-FR"},{"@type":"Person","@id":"https:\/\/cdes.fr\/#\/schema\/person\/3fd95d04f12a9edf5003ec0df19d43bc","name":"Viktoria Rosta","image":{"@type":"ImageObject","inLanguage":"fr-FR","@id":"https:\/\/cdes.fr\/#\/schema\/person\/image\/","url":"https:\/\/secure.gravatar.com\/avatar\/139dff69b1764c6ee4a6645c2ecf0b8ba8c5951b492b44d8858b07f7c293c210?s=96&d=mm&r=g","contentUrl":"https:\/\/secure.gravatar.com\/avatar\/139dff69b1764c6ee4a6645c2ecf0b8ba8c5951b492b44d8858b07f7c293c210?s=96&d=mm&r=g","caption":"Viktoria Rosta"},"url":"https:\/\/cdes.fr\/?author=92"}]}},"_links":{"self":[{"href":"https:\/\/cdes.fr\/index.php?rest_route=\/wp\/v2\/posts\/14568","targetHints":{"allow":["GET"]}}],"collection":[{"href":"https:\/\/cdes.fr\/index.php?rest_route=\/wp\/v2\/posts"}],"about":[{"href":"https:\/\/cdes.fr\/index.php?rest_route=\/wp\/v2\/types\/post"}],"author":[{"embeddable":true,"href":"https:\/\/cdes.fr\/index.php?rest_route=\/wp\/v2\/users\/92"}],"replies":[{"embeddable":true,"href":"https:\/\/cdes.fr\/index.php?rest_route=%2Fwp%2Fv2%2Fcomments&post=14568"}],"version-history":[{"count":17,"href":"https:\/\/cdes.fr\/index.php?rest_route=\/wp\/v2\/posts\/14568\/revisions"}],"predecessor-version":[{"id":14589,"href":"https:\/\/cdes.fr\/index.php?rest_route=\/wp\/v2\/posts\/14568\/revisions\/14589"}],"wp:featuredmedia":[{"embeddable":true,"href":"https:\/\/cdes.fr\/index.php?rest_route=\/wp\/v2\/media\/14569"}],"wp:attachment":[{"href":"https:\/\/cdes.fr\/index.php?rest_route=%2Fwp%2Fv2%2Fmedia&parent=14568"}],"wp:term":[{"taxonomy":"category","embeddable":true,"href":"https:\/\/cdes.fr\/index.php?rest_route=%2Fwp%2Fv2%2Fcategories&post=14568"},{"taxonomy":"post_tag","embeddable":true,"href":"https:\/\/cdes.fr\/index.php?rest_route=%2Fwp%2Fv2%2Ftags&post=14568"}],"curies":[{"name":"wp","href":"https:\/\/api.w.org\/{rel}","templated":true}]}}