{"id":14465,"date":"2024-02-21T17:00:00","date_gmt":"2024-02-21T16:00:00","guid":{"rendered":"https:\/\/cdes.fr\/?p=14465"},"modified":"2024-05-17T13:47:02","modified_gmt":"2024-05-17T11:47:02","slug":"colloque-les-proprietes-olympiques-2024","status":"publish","type":"post","link":"https:\/\/cdes.fr\/?p=14465","title":{"rendered":"Colloque \u00ab\u00a0Les propri\u00e9t\u00e9s Olympiques\u00a0\u00bb 2024"},"content":{"rendered":"\t\t<div data-elementor-type=\"wp-post\" data-elementor-id=\"14465\" class=\"elementor elementor-14465\" data-elementor-post-type=\"post\">\n\t\t\t\t\t\t<section class=\"penci-section penci-disSticky penci-structure-10 elementor-section elementor-top-section elementor-element elementor-element-7e6f4d6 elementor-section-boxed elementor-section-height-default elementor-section-height-default\" data-id=\"7e6f4d6\" data-element_type=\"section\">\n\t\t\t\t\t\t<div class=\"elementor-container elementor-column-gap-default\">\n\t\t\t\t\t<div class=\"penci-ercol-100 penci-ercol-order-1 penci-sticky-ct    elementor-column elementor-col-100 elementor-top-column elementor-element elementor-element-b405ba1\" data-id=\"b405ba1\" data-element_type=\"column\">\n\t\t\t<div class=\"elementor-widget-wrap elementor-element-populated\">\n\t\t\t\t\t\t<div class=\"elementor-element elementor-element-f02af74 elementor-widget elementor-widget-heading\" data-id=\"f02af74\" data-element_type=\"widget\" data-widget_type=\"heading.default\">\n\t\t\t\t<div class=\"elementor-widget-container\">\n\t\t\t\t\t<h2 class=\"elementor-heading-title elementor-size-default\">Nouvelle \u00e9dition du colloque CDES x CNOSF<\/h2>\t\t\t\t<\/div>\n\t\t\t\t<\/div>\n\t\t\t\t<div class=\"elementor-element elementor-element-159c66d elementor-widget elementor-widget-text-editor\" data-id=\"159c66d\" data-element_type=\"widget\" data-widget_type=\"text-editor.default\">\n\t\t\t\t<div class=\"elementor-widget-container\">\n\t\t\t\t\t\t\t\t\t<pre><em>Le Centre de Droit et d'Economie du Sport de Limoges (CDES) et le Comit\u00e9 national olympique et sportif fran\u00e7ais (CNOSF), en partenariat avec la Cour de cassation et le Conseil d'\u00c9tat, organisent tous les deux ans un colloque sur le th\u00e8me du droit du sport.<br \/>L\u2019objet de ces colloques biennaux, organis\u00e9s alternativement \u00e0 la Cour de cassation et au Conseil d\u2019Etat, est de mettre en d\u00e9bat un th\u00e8me de droit du sport choisi pour son actualit\u00e9 l\u00e9gislative et jurisprudentielle ; ils enrichiront sa compr\u00e9hension et son analyse par les regards crois\u00e9s des acteurs qu\u2019elle touche \u00e0 diff\u00e9rents titres. C\u2019est dans cette perspective que ces colloques r\u00e9unissent notamment, des magistrats, des avocats, des universitaires, des acteurs et repr\u00e9sentants du mouvement sportif et de ses partenaires.<\/em><\/pre>\t\t\t\t\t\t\t\t<\/div>\n\t\t\t\t<\/div>\n\t\t\t\t<div class=\"elementor-element elementor-element-a76e219 elementor-widget elementor-widget-text-editor\" data-id=\"a76e219\" data-element_type=\"widget\" data-widget_type=\"text-editor.default\">\n\t\t\t\t<div class=\"elementor-widget-container\">\n\t\t\t\t\t\t\t\t\t<p>Cette nouvelle \u00e9dition, sous la coordination scientifique de Jean-Pierre Karaquillo, Skander Karaa et Charles Dudognon, a pour objectif de dresser un panorama de l\u2019ensemble des \u00e9l\u00e9ments ayant int\u00e9gr\u00e9, tout au long de l\u2019histoire, le cercle restreint des propri\u00e9t\u00e9s olympiques. Ce tour d\u2019horizon donnera lieu \u00e0 une pr\u00e9sentation d\u00e9taill\u00e9e du r\u00e9gime caract\u00e9risant la protection et l\u2019exploitation de ces propri\u00e9t\u00e9s, en France ou \u00e0 l\u2019international. Ce colloque abordera \u00e9galement de quelles mani\u00e8res le droit commun de la propri\u00e9t\u00e9 intellectuelle s\u2019est articul\u00e9 autour de cette protection tr\u00e8s sp\u00e9cifique, afin de pr\u00e9server le financement du sport et de l\u2019olympisme.<\/p>\t\t\t\t\t\t\t\t<\/div>\n\t\t\t\t<\/div>\n\t\t\t\t<div class=\"elementor-element elementor-element-94b644c elementor-widget elementor-widget-text-editor\" data-id=\"94b644c\" data-element_type=\"widget\" data-widget_type=\"text-editor.default\">\n\t\t\t\t<div class=\"elementor-widget-container\">\n\t\t\t\t\t\t\t\t\t<p><span style=\"text-decoration: underline;\">Intervenants du CDES :<\/span><\/p><ul><li><em><strong>Christophe Lepetit<\/strong> <\/em>: Partie 1 &#8211; Chapitre 2 \u00e0 10h10<\/li><li><em><strong>Pierre Fargeaud<\/strong> <\/em>: Partie 2 &#8211; Chapitre 1 \u00e0 13h30<\/li><\/ul><p><em>Sous la coordination scientifique de Jean-Pierre Karaquillo, Skander Kaara et Charles Dudognon<\/em><\/p>\t\t\t\t\t\t\t\t<\/div>\n\t\t\t\t<\/div>\n\t\t\t\t<div class=\"elementor-element elementor-element-768a3fc elementor-widget-divider--view-line elementor-widget elementor-widget-divider\" data-id=\"768a3fc\" data-element_type=\"widget\" data-widget_type=\"divider.default\">\n\t\t\t\t<div class=\"elementor-widget-container\">\n\t\t\t\t\t\t\t<div class=\"elementor-divider\">\n\t\t\t<span class=\"elementor-divider-separator\">\n\t\t\t\t\t\t<\/span>\n\t\t<\/div>\n\t\t\t\t\t\t<\/div>\n\t\t\t\t<\/div>\n\t\t\t\t<div class=\"elementor-element elementor-element-781eee7 elementor-widget elementor-widget-text-editor\" data-id=\"781eee7\" data-element_type=\"widget\" data-widget_type=\"text-editor.default\">\n\t\t\t\t<div class=\"elementor-widget-container\">\n\t\t\t\t\t\t\t\t\t<h3><strong>Vendredi 8 mars 2024<\/strong><br \/><strong>De 8h30 \u00e0 16h30<\/strong><br \/><strong>Grand&rsquo;chambre de la cour de cassation<\/strong><\/h3>\t\t\t\t\t\t\t\t<\/div>\n\t\t\t\t<\/div>\n\t\t\t\t<div class=\"elementor-element elementor-element-b8618df elementor-widget-divider--view-line elementor-widget elementor-widget-divider\" data-id=\"b8618df\" data-element_type=\"widget\" data-widget_type=\"divider.default\">\n\t\t\t\t<div class=\"elementor-widget-container\">\n\t\t\t\t\t\t\t<div class=\"elementor-divider\">\n\t\t\t<span class=\"elementor-divider-separator\">\n\t\t\t\t\t\t<\/span>\n\t\t<\/div>\n\t\t\t\t\t\t<\/div>\n\t\t\t\t<\/div>\n\t\t\t\t<div class=\"elementor-element elementor-element-2a0982c elementor-widget elementor-widget-heading\" data-id=\"2a0982c\" data-element_type=\"widget\" data-widget_type=\"heading.default\">\n\t\t\t\t<div class=\"elementor-widget-container\">\n\t\t\t\t\t<h4 class=\"elementor-heading-title elementor-size-default\">Retrouvez l'int\u00e9gralit\u00e9 du programme ci-dessous :<\/h4>\t\t\t\t<\/div>\n\t\t\t\t<\/div>\n\t\t\t\t<div class=\"elementor-element elementor-element-2929300 elementor-arrows-position-inside elementor-pagination-position-outside elementor-widget elementor-widget-image-carousel\" data-id=\"2929300\" data-element_type=\"widget\" data-settings=\"{&quot;slides_to_show&quot;:&quot;1&quot;,&quot;navigation&quot;:&quot;both&quot;,&quot;autoplay&quot;:&quot;yes&quot;,&quot;pause_on_hover&quot;:&quot;yes&quot;,&quot;pause_on_interaction&quot;:&quot;yes&quot;,&quot;autoplay_speed&quot;:5000,&quot;infinite&quot;:&quot;yes&quot;,&quot;effect&quot;:&quot;slide&quot;,&quot;speed&quot;:500}\" data-widget_type=\"image-carousel.default\">\n\t\t\t\t<div class=\"elementor-widget-container\">\n\t\t\t\t\t\t\t<div class=\"elementor-image-carousel-wrapper swiper\" role=\"region\" aria-roledescription=\"carousel\" aria-label=\"Carrousel d\u2019images\" dir=\"ltr\">\n\t\t\t<div class=\"elementor-image-carousel swiper-wrapper\" aria-live=\"off\">\n\t\t\t\t\t\t\t\t<div class=\"swiper-slide\" role=\"group\" aria-roledescription=\"slide\" aria-label=\"1 sur 2\"><figure class=\"swiper-slide-inner\"><img decoding=\"async\" class=\"swiper-slide-image\" src=\"https:\/\/cdes.fr\/wp-content\/uploads\/2024\/02\/VF_Programme-Les-proprietes-olympiques-VF_30012024-1-1-709x1024.png\" alt=\"VF_Programme - Les propri\u00e9t\u00e9s olympiques VF_30012024 (1)-1\" \/><\/figure><\/div><div class=\"swiper-slide\" role=\"group\" aria-roledescription=\"slide\" aria-label=\"2 sur 2\"><figure class=\"swiper-slide-inner\"><img decoding=\"async\" class=\"swiper-slide-image\" src=\"https:\/\/cdes.fr\/wp-content\/uploads\/2024\/02\/VF_Programme-Les-proprietes-olympiques-VF_30012024-1-2-709x1024.png\" alt=\"VF_Programme - Les propri\u00e9t\u00e9s olympiques VF_30012024 (1)-2\" \/><\/figure><\/div>\t\t\t<\/div>\n\t\t\t\t\t\t\t\t\t\t\t\t<div class=\"elementor-swiper-button elementor-swiper-button-prev\" role=\"button\" tabindex=\"0\">\n\t\t\t\t\t\t<i aria-hidden=\"true\" class=\"eicon-chevron-left\"><\/i>\t\t\t\t\t<\/div>\n\t\t\t\t\t<div class=\"elementor-swiper-button elementor-swiper-button-next\" role=\"button\" tabindex=\"0\">\n\t\t\t\t\t\t<i aria-hidden=\"true\" class=\"eicon-chevron-right\"><\/i>\t\t\t\t\t<\/div>\n\t\t\t\t\n\t\t\t\t\t\t\t\t\t<div class=\"swiper-pagination\"><\/div>\n\t\t\t\t\t\t\t\t\t<\/div>\n\t\t\t\t\t\t<\/div>\n\t\t\t\t<\/div>\n\t\t\t\t<div class=\"elementor-element elementor-element-21b09e6 elementor-align-center elementor-widget elementor-widget-button\" data-id=\"21b09e6\" data-element_type=\"widget\" data-widget_type=\"button.default\">\n\t\t\t\t<div class=\"elementor-widget-container\">\n\t\t\t\t\t\t\t\t\t<div class=\"elementor-button-wrapper\">\n\t\t\t\t\t<a class=\"elementor-button elementor-button-link elementor-size-md\" href=\"https:\/\/www.courdecassation.fr\/agenda-evenementiel\/les-proprietes-olympiques\">\n\t\t\t\t\t\t<span class=\"elementor-button-content-wrapper\">\n\t\t\t\t\t\t<span class=\"elementor-button-icon\">\n\t\t\t\t<i aria-hidden=\"true\" class=\"far fa-user\"><\/i>\t\t\t<\/span>\n\t\t\t\t\t\t\t\t\t<span class=\"elementor-button-text\">Inscivez-vous ici<\/span>\n\t\t\t\t\t<\/span>\n\t\t\t\t\t<\/a>\n\t\t\t\t<\/div>\n\t\t\t\t\t\t\t\t<\/div>\n\t\t\t\t<\/div>\n\t\t\t\t\t<\/div>\n\t\t<\/div>\n\t\t\t\t\t<\/div>\n\t\t<\/section>\n\t\t\t\t<\/div>\n\t\t","protected":false},"excerpt":{"rendered":"<p>Nouvelle \u00e9dition du colloque CDES x CNOSF Le Centre de Droit et d&rsquo;Economie du Sport de Limoges (CDES) et le Comit\u00e9 national olympique et sportif fran\u00e7ais (CNOSF), en partenariat avec la Cour&hellip;<\/p>\n","protected":false},"author":92,"featured_media":14471,"comment_status":"closed","ping_status":"closed","sticky":false,"template":"","format":"standard","meta":{"_lmt_disableupdate":"","_lmt_disable":"","footnotes":"","beyondwords_generate_audio":"","beyondwords_project_id":"","beyondwords_content_id":"","beyondwords_preview_token":"","beyondwords_player_content":"","beyondwords_player_style":"","beyondwords_language_code":"","beyondwords_language_id":"","beyondwords_title_voice_id":"","beyondwords_body_voice_id":"","beyondwords_summary_voice_id":"","beyondwords_error_message":"","beyondwords_disabled":"","beyondwords_delete_content":"","beyondwords_podcast_id":"","beyondwords_hash":"","publish_post_to_speechkit":"","speechkit_hash":"","speechkit_generate_audio":"","speechkit_project_id":"","speechkit_podcast_id":"","speechkit_error_message":"","speechkit_disabled":"","speechkit_access_key":"","speechkit_error":"","speechkit_info":"","speechkit_response":"","speechkit_retries":"","speechkit_status":"","speechkit_updated_at":"","_speechkit_link":"","_speechkit_text":""},"categories":[2,3],"tags":[599,91,315,68,600,210],"class_list":["post-14465","post","type-post","status-publish","format-standard","has-post-thumbnail","hentry","category-cdes","category-evenements","tag-599","tag-actualite","tag-droit","tag-droit-du-sport","tag-olympique","tag-paris-2024"],"yoast_head":"<!-- This site is optimized with the Yoast SEO plugin v25.3.1 - https:\/\/yoast.com\/wordpress\/plugins\/seo\/ -->\n<title>Colloque &quot;Les propri\u00e9t\u00e9s Olympiques&quot; 2024 - CDES<\/title>\n<meta name=\"robots\" content=\"index, follow, max-snippet:-1, max-image-preview:large, max-video-preview:-1\" \/>\n<link rel=\"canonical\" href=\"https:\/\/cdes.fr\/?p=14465\" \/>\n<meta property=\"og:locale\" content=\"fr_FR\" \/>\n<meta property=\"og:type\" content=\"article\" \/>\n<meta property=\"og:title\" content=\"Colloque &quot;Les propri\u00e9t\u00e9s Olympiques&quot; 2024 - CDES\" \/>\n<meta property=\"og:description\" content=\"Nouvelle \u00e9dition du colloque CDES x CNOSF Le Centre de Droit et d&#039;Economie du Sport de Limoges (CDES) et le Comit\u00e9 national olympique et sportif fran\u00e7ais (CNOSF), en partenariat avec la Cour&hellip;\" \/>\n<meta property=\"og:url\" content=\"https:\/\/cdes.fr\/?p=14465\" \/>\n<meta property=\"og:site_name\" content=\"CDES\" \/>\n<meta property=\"article:published_time\" content=\"2024-02-21T16:00:00+00:00\" \/>\n<meta property=\"article:modified_time\" content=\"2024-05-17T11:47:02+00:00\" \/>\n<meta property=\"og:image\" content=\"https:\/\/cdes.fr\/wp-content\/uploads\/2024\/02\/Vignette-Jurisport-SI-8.png\" \/>\n\t<meta property=\"og:image:width\" content=\"549\" \/>\n\t<meta property=\"og:image:height\" content=\"326\" \/>\n\t<meta property=\"og:image:type\" content=\"image\/png\" \/>\n<meta name=\"author\" content=\"Viktoria Rosta\" \/>\n<meta name=\"twitter:card\" content=\"summary_large_image\" \/>\n<meta name=\"twitter:label1\" content=\"\u00c9crit par\" \/>\n\t<meta name=\"twitter:data1\" content=\"Viktoria Rosta\" \/>\n\t<meta name=\"twitter:label2\" content=\"Dur\u00e9e de lecture estim\u00e9e\" \/>\n\t<meta name=\"twitter:data2\" content=\"2 minutes\" \/>\n<script type=\"application\/ld+json\" class=\"yoast-schema-graph\">{\"@context\":\"https:\/\/schema.org\",\"@graph\":[{\"@type\":\"WebPage\",\"@id\":\"https:\/\/cdes.fr\/?p=14465\",\"url\":\"https:\/\/cdes.fr\/?p=14465\",\"name\":\"Colloque \\\"Les propri\u00e9t\u00e9s Olympiques\\\" 2024 - CDES\",\"isPartOf\":{\"@id\":\"https:\/\/cdes.fr\/#website\"},\"primaryImageOfPage\":{\"@id\":\"https:\/\/cdes.fr\/?p=14465#primaryimage\"},\"image\":{\"@id\":\"https:\/\/cdes.fr\/?p=14465#primaryimage\"},\"thumbnailUrl\":\"https:\/\/cdes.fr\/wp-content\/uploads\/2024\/02\/Vignette-Jurisport-SI-8.png\",\"datePublished\":\"2024-02-21T16:00:00+00:00\",\"dateModified\":\"2024-05-17T11:47:02+00:00\",\"author\":{\"@id\":\"https:\/\/cdes.fr\/#\/schema\/person\/3fd95d04f12a9edf5003ec0df19d43bc\"},\"breadcrumb\":{\"@id\":\"https:\/\/cdes.fr\/?p=14465#breadcrumb\"},\"inLanguage\":\"fr-FR\",\"potentialAction\":[{\"@type\":\"ReadAction\",\"target\":[\"https:\/\/cdes.fr\/?p=14465\"]}]},{\"@type\":\"ImageObject\",\"inLanguage\":\"fr-FR\",\"@id\":\"https:\/\/cdes.fr\/?p=14465#primaryimage\",\"url\":\"https:\/\/cdes.fr\/wp-content\/uploads\/2024\/02\/Vignette-Jurisport-SI-8.png\",\"contentUrl\":\"https:\/\/cdes.fr\/wp-content\/uploads\/2024\/02\/Vignette-Jurisport-SI-8.png\",\"width\":549,\"height\":326},{\"@type\":\"BreadcrumbList\",\"@id\":\"https:\/\/cdes.fr\/?p=14465#breadcrumb\",\"itemListElement\":[{\"@type\":\"ListItem\",\"position\":1,\"name\":\"Accueil\",\"item\":\"https:\/\/cdes.fr\/\"},{\"@type\":\"ListItem\",\"position\":2,\"name\":\"Colloque \u00ab\u00a0Les propri\u00e9t\u00e9s Olympiques\u00a0\u00bb 2024\"}]},{\"@type\":\"WebSite\",\"@id\":\"https:\/\/cdes.fr\/#website\",\"url\":\"https:\/\/cdes.fr\/\",\"name\":\"CDES\",\"description\":\"Centre de Droit et d&#039;Economie du Sport\",\"potentialAction\":[{\"@type\":\"SearchAction\",\"target\":{\"@type\":\"EntryPoint\",\"urlTemplate\":\"https:\/\/cdes.fr\/?s={search_term_string}\"},\"query-input\":{\"@type\":\"PropertyValueSpecification\",\"valueRequired\":true,\"valueName\":\"search_term_string\"}}],\"inLanguage\":\"fr-FR\"},{\"@type\":\"Person\",\"@id\":\"https:\/\/cdes.fr\/#\/schema\/person\/3fd95d04f12a9edf5003ec0df19d43bc\",\"name\":\"Viktoria Rosta\",\"image\":{\"@type\":\"ImageObject\",\"inLanguage\":\"fr-FR\",\"@id\":\"https:\/\/cdes.fr\/#\/schema\/person\/image\/\",\"url\":\"https:\/\/secure.gravatar.com\/avatar\/139dff69b1764c6ee4a6645c2ecf0b8ba8c5951b492b44d8858b07f7c293c210?s=96&d=mm&r=g\",\"contentUrl\":\"https:\/\/secure.gravatar.com\/avatar\/139dff69b1764c6ee4a6645c2ecf0b8ba8c5951b492b44d8858b07f7c293c210?s=96&d=mm&r=g\",\"caption\":\"Viktoria Rosta\"},\"url\":\"https:\/\/cdes.fr\/?author=92\"}]}<\/script>\n<!-- \/ Yoast SEO plugin. -->","yoast_head_json":{"title":"Colloque \"Les propri\u00e9t\u00e9s Olympiques\" 2024 - CDES","robots":{"index":"index","follow":"follow","max-snippet":"max-snippet:-1","max-image-preview":"max-image-preview:large","max-video-preview":"max-video-preview:-1"},"canonical":"https:\/\/cdes.fr\/?p=14465","og_locale":"fr_FR","og_type":"article","og_title":"Colloque \"Les propri\u00e9t\u00e9s Olympiques\" 2024 - CDES","og_description":"Nouvelle \u00e9dition du colloque CDES x CNOSF Le Centre de Droit et d'Economie du Sport de Limoges (CDES) et le Comit\u00e9 national olympique et sportif fran\u00e7ais (CNOSF), en partenariat avec la Cour&hellip;","og_url":"https:\/\/cdes.fr\/?p=14465","og_site_name":"CDES","article_published_time":"2024-02-21T16:00:00+00:00","article_modified_time":"2024-05-17T11:47:02+00:00","og_image":[{"width":549,"height":326,"url":"https:\/\/cdes.fr\/wp-content\/uploads\/2024\/02\/Vignette-Jurisport-SI-8.png","type":"image\/png"}],"author":"Viktoria Rosta","twitter_card":"summary_large_image","twitter_misc":{"\u00c9crit par":"Viktoria Rosta","Dur\u00e9e de lecture estim\u00e9e":"2 minutes"},"schema":{"@context":"https:\/\/schema.org","@graph":[{"@type":"WebPage","@id":"https:\/\/cdes.fr\/?p=14465","url":"https:\/\/cdes.fr\/?p=14465","name":"Colloque \"Les propri\u00e9t\u00e9s Olympiques\" 2024 - CDES","isPartOf":{"@id":"https:\/\/cdes.fr\/#website"},"primaryImageOfPage":{"@id":"https:\/\/cdes.fr\/?p=14465#primaryimage"},"image":{"@id":"https:\/\/cdes.fr\/?p=14465#primaryimage"},"thumbnailUrl":"https:\/\/cdes.fr\/wp-content\/uploads\/2024\/02\/Vignette-Jurisport-SI-8.png","datePublished":"2024-02-21T16:00:00+00:00","dateModified":"2024-05-17T11:47:02+00:00","author":{"@id":"https:\/\/cdes.fr\/#\/schema\/person\/3fd95d04f12a9edf5003ec0df19d43bc"},"breadcrumb":{"@id":"https:\/\/cdes.fr\/?p=14465#breadcrumb"},"inLanguage":"fr-FR","potentialAction":[{"@type":"ReadAction","target":["https:\/\/cdes.fr\/?p=14465"]}]},{"@type":"ImageObject","inLanguage":"fr-FR","@id":"https:\/\/cdes.fr\/?p=14465#primaryimage","url":"https:\/\/cdes.fr\/wp-content\/uploads\/2024\/02\/Vignette-Jurisport-SI-8.png","contentUrl":"https:\/\/cdes.fr\/wp-content\/uploads\/2024\/02\/Vignette-Jurisport-SI-8.png","width":549,"height":326},{"@type":"BreadcrumbList","@id":"https:\/\/cdes.fr\/?p=14465#breadcrumb","itemListElement":[{"@type":"ListItem","position":1,"name":"Accueil","item":"https:\/\/cdes.fr\/"},{"@type":"ListItem","position":2,"name":"Colloque \u00ab\u00a0Les propri\u00e9t\u00e9s Olympiques\u00a0\u00bb 2024"}]},{"@type":"WebSite","@id":"https:\/\/cdes.fr\/#website","url":"https:\/\/cdes.fr\/","name":"CDES","description":"Centre de Droit et d&#039;Economie du Sport","potentialAction":[{"@type":"SearchAction","target":{"@type":"EntryPoint","urlTemplate":"https:\/\/cdes.fr\/?s={search_term_string}"},"query-input":{"@type":"PropertyValueSpecification","valueRequired":true,"valueName":"search_term_string"}}],"inLanguage":"fr-FR"},{"@type":"Person","@id":"https:\/\/cdes.fr\/#\/schema\/person\/3fd95d04f12a9edf5003ec0df19d43bc","name":"Viktoria Rosta","image":{"@type":"ImageObject","inLanguage":"fr-FR","@id":"https:\/\/cdes.fr\/#\/schema\/person\/image\/","url":"https:\/\/secure.gravatar.com\/avatar\/139dff69b1764c6ee4a6645c2ecf0b8ba8c5951b492b44d8858b07f7c293c210?s=96&d=mm&r=g","contentUrl":"https:\/\/secure.gravatar.com\/avatar\/139dff69b1764c6ee4a6645c2ecf0b8ba8c5951b492b44d8858b07f7c293c210?s=96&d=mm&r=g","caption":"Viktoria Rosta"},"url":"https:\/\/cdes.fr\/?author=92"}]}},"_links":{"self":[{"href":"https:\/\/cdes.fr\/index.php?rest_route=\/wp\/v2\/posts\/14465","targetHints":{"allow":["GET"]}}],"collection":[{"href":"https:\/\/cdes.fr\/index.php?rest_route=\/wp\/v2\/posts"}],"about":[{"href":"https:\/\/cdes.fr\/index.php?rest_route=\/wp\/v2\/types\/post"}],"author":[{"embeddable":true,"href":"https:\/\/cdes.fr\/index.php?rest_route=\/wp\/v2\/users\/92"}],"replies":[{"embeddable":true,"href":"https:\/\/cdes.fr\/index.php?rest_route=%2Fwp%2Fv2%2Fcomments&post=14465"}],"version-history":[{"count":26,"href":"https:\/\/cdes.fr\/index.php?rest_route=\/wp\/v2\/posts\/14465\/revisions"}],"predecessor-version":[{"id":15001,"href":"https:\/\/cdes.fr\/index.php?rest_route=\/wp\/v2\/posts\/14465\/revisions\/15001"}],"wp:featuredmedia":[{"embeddable":true,"href":"https:\/\/cdes.fr\/index.php?rest_route=\/wp\/v2\/media\/14471"}],"wp:attachment":[{"href":"https:\/\/cdes.fr\/index.php?rest_route=%2Fwp%2Fv2%2Fmedia&parent=14465"}],"wp:term":[{"taxonomy":"category","embeddable":true,"href":"https:\/\/cdes.fr\/index.php?rest_route=%2Fwp%2Fv2%2Fcategories&post=14465"},{"taxonomy":"post_tag","embeddable":true,"href":"https:\/\/cdes.fr\/index.php?rest_route=%2Fwp%2Fv2%2Ftags&post=14465"}],"curies":[{"name":"wp","href":"https:\/\/api.w.org\/{rel}","templated":true}]}}