{"id":13819,"date":"2023-10-24T09:50:27","date_gmt":"2023-10-24T07:50:27","guid":{"rendered":"https:\/\/cdes.fr\/?p=13819"},"modified":"2023-10-24T15:35:23","modified_gmt":"2023-10-24T13:35:23","slug":"colloque-europa-2023-27e-edition","status":"publish","type":"post","link":"https:\/\/cdes.fr\/?p=13819","title":{"rendered":"Colloque EUROPA 2023 &#8211; 27e \u00e9dition"},"content":{"rendered":"\t\t<div data-elementor-type=\"wp-post\" data-elementor-id=\"13819\" class=\"elementor elementor-13819\" data-elementor-post-type=\"post\">\n\t\t\t\t\t\t<section class=\"penci-section penci-disSticky penci-structure-10 elementor-section elementor-top-section elementor-element elementor-element-f1e0584 elementor-section-boxed elementor-section-height-default elementor-section-height-default\" data-id=\"f1e0584\" data-element_type=\"section\">\n\t\t\t\t\t\t<div class=\"elementor-container elementor-column-gap-default\">\n\t\t\t\t\t<div class=\"penci-ercol-100 penci-ercol-order-1 penci-sticky-ct    elementor-column elementor-col-100 elementor-top-column elementor-element elementor-element-d5d9f52\" data-id=\"d5d9f52\" data-element_type=\"column\">\n\t\t\t<div class=\"elementor-widget-wrap elementor-element-populated\">\n\t\t\t\t\t\t<div class=\"elementor-element elementor-element-c89c62e elementor-widget elementor-widget-image\" data-id=\"c89c62e\" data-element_type=\"widget\" data-widget_type=\"image.default\">\n\t\t\t\t<div class=\"elementor-widget-container\">\n\t\t\t\t\t\t\t\t\t\t\t\t\t\t\t<img fetchpriority=\"high\" decoding=\"async\" width=\"1024\" height=\"536\" src=\"https:\/\/cdes.fr\/wp-content\/uploads\/2023\/10\/FB-evenement-1024x536.jpg\" class=\"attachment-large size-large wp-image-13822\" alt=\"\" srcset=\"https:\/\/cdes.fr\/wp-content\/uploads\/2023\/10\/FB-evenement-1024x536.jpg 1024w, https:\/\/cdes.fr\/wp-content\/uploads\/2023\/10\/FB-evenement-300x157.jpg 300w, https:\/\/cdes.fr\/wp-content\/uploads\/2023\/10\/FB-evenement-768x402.jpg 768w, https:\/\/cdes.fr\/wp-content\/uploads\/2023\/10\/FB-evenement-1170x612.jpg 1170w, https:\/\/cdes.fr\/wp-content\/uploads\/2023\/10\/FB-evenement-585x306.jpg 585w, https:\/\/cdes.fr\/wp-content\/uploads\/2023\/10\/FB-evenement-600x314.jpg 600w, https:\/\/cdes.fr\/wp-content\/uploads\/2023\/10\/FB-evenement.jpg 1200w\" sizes=\"(max-width: 1024px) 100vw, 1024px\" \/>\t\t\t\t\t\t\t\t\t\t\t\t\t\t\t<\/div>\n\t\t\t\t<\/div>\n\t\t\t\t\t<\/div>\n\t\t<\/div>\n\t\t\t\t\t<\/div>\n\t\t<\/section>\n\t\t\t\t<section class=\"penci-section penci-disSticky penci-structure-10 elementor-section elementor-top-section elementor-element elementor-element-0af4105 elementor-section-boxed elementor-section-height-default elementor-section-height-default\" data-id=\"0af4105\" data-element_type=\"section\">\n\t\t\t\t\t\t<div class=\"elementor-container elementor-column-gap-default\">\n\t\t\t\t\t<div class=\"penci-ercol-100 penci-ercol-order-1 penci-sticky-ct    elementor-column elementor-col-100 elementor-top-column elementor-element elementor-element-05aea0f\" data-id=\"05aea0f\" data-element_type=\"column\">\n\t\t\t<div class=\"elementor-widget-wrap elementor-element-populated\">\n\t\t\t\t\t\t<div class=\"elementor-element elementor-element-16cd966 elementor-widget-divider--view-line elementor-widget elementor-widget-divider\" data-id=\"16cd966\" data-element_type=\"widget\" data-widget_type=\"divider.default\">\n\t\t\t\t<div class=\"elementor-widget-container\">\n\t\t\t\t\t\t\t<div class=\"elementor-divider\">\n\t\t\t<span class=\"elementor-divider-separator\">\n\t\t\t\t\t\t<\/span>\n\t\t<\/div>\n\t\t\t\t\t\t<\/div>\n\t\t\t\t<\/div>\n\t\t\t\t<div class=\"elementor-element elementor-element-a24b106 elementor-widget elementor-widget-text-editor\" data-id=\"a24b106\" data-element_type=\"widget\" data-widget_type=\"text-editor.default\">\n\t\t\t\t<div class=\"elementor-widget-container\">\n\t\t\t\t\t\t\t\t\t<p><em>\u00ab\u00a0Explorer les politiques publiques du sport c\u2019est d\u2019abord et avant tout parler des valeurs autour desquelles le sport s\u2019est construit et perp\u00e9tu\u00e9, et \u00e0 la transmission desquelles il participe, des valeurs universelles autours desquelles nous pouvons nous retrouver et former soci\u00e9t\u00e9. Les manifestations sportives, des plus modestes aux grandes comp\u00e9titions internationales, offrent des moments de communion autour desquels se rassemble une population, une nation ; les enceintes sportives sont devenues nos nouvelles cath\u00e9drales, et l\u2019on sait depuis Roland Barthes, que les comp\u00e9titions sportives appartiennent \u00e0 nos mythologies contemporaines et constituent autant \u00ab\u00a0d\u2019\u00e9pop\u00e9es\u00a0\u00bb. \u00ab\u00a0<\/em><\/p>\t\t\t\t\t\t\t\t<\/div>\n\t\t\t\t<\/div>\n\t\t\t\t<div class=\"elementor-element elementor-element-691805d elementor-widget elementor-widget-text-editor\" data-id=\"691805d\" data-element_type=\"widget\" data-widget_type=\"text-editor.default\">\n\t\t\t\t<div class=\"elementor-widget-container\">\n\t\t\t\t\t\t\t\t\t<p>Le conseil scientifique d\u2019EUROPA<\/p>\t\t\t\t\t\t\t\t<\/div>\n\t\t\t\t<\/div>\n\t\t\t\t<div class=\"elementor-element elementor-element-302d278 elementor-widget elementor-widget-spacer\" data-id=\"302d278\" data-element_type=\"widget\" data-widget_type=\"spacer.default\">\n\t\t\t\t<div class=\"elementor-widget-container\">\n\t\t\t\t\t\t\t<div class=\"elementor-spacer\">\n\t\t\t<div class=\"elementor-spacer-inner\"><\/div>\n\t\t<\/div>\n\t\t\t\t\t\t<\/div>\n\t\t\t\t<\/div>\n\t\t\t\t<div class=\"elementor-element elementor-element-acb79cc elementor-widget elementor-widget-text-editor\" data-id=\"acb79cc\" data-element_type=\"widget\" data-widget_type=\"text-editor.default\">\n\t\t\t\t<div class=\"elementor-widget-container\">\n\t\t\t\t\t\t\t\t\t<p>Le colloque EUROPA, en collaboration avec le CDES et l&rsquo;OMIJ, d\u00e9butera par la question suivante : <strong>le sport est-il le reflet, le miroir de nos soci\u00e9t\u00e9s ?<\/strong> On dresse souvent le constat, pour le d\u00e9plorer, d\u2019un affaiblissement des valeurs qui fondent le sport, au profit de la marchandisation, de la m\u00e9diatisation du spectacle sportif, de la corruption, de la violence.. Toutefois, le sport reste encore synonyme de performance, de d\u00e9passement de soi, de perfectionnement, d\u2019exemplarit\u00e9, de fair-play\u2026 Mieux encore, le sport appara\u00eet comme un vecteur de transmission des valeurs d\u00e9mocratiques et de citoyennet\u00e9.<\/p>\t\t\t\t\t\t\t\t<\/div>\n\t\t\t\t<\/div>\n\t\t\t\t<div class=\"elementor-element elementor-element-b954755 elementor-widget elementor-widget-text-editor\" data-id=\"b954755\" data-element_type=\"widget\" data-widget_type=\"text-editor.default\">\n\t\t\t\t<div class=\"elementor-widget-container\">\n\t\t\t\t\t\t\t\t\t<p><strong>Th\u00e8me : Les politiques publiques du sport en Europe : faire gagner les territoires et porter les valeurs ?<\/strong><\/p>\t\t\t\t\t\t\t\t<\/div>\n\t\t\t\t<\/div>\n\t\t\t\t<div class=\"elementor-element elementor-element-3978927 elementor-widget elementor-widget-text-editor\" data-id=\"3978927\" data-element_type=\"widget\" data-widget_type=\"text-editor.default\">\n\t\t\t\t<div class=\"elementor-widget-container\">\n\t\t\t\t\t\t\t\t\t<p>EUROPA a sollicit\u00e9 des \u00e9conomistes du sport, des sociologues, des juristes, des responsables politiques et de f\u00e9d\u00e9rations sportives, ainsi que les experts europ\u00e9ens de son r\u00e9seau pour r\u00e9pondre \u00e0 cette probl\u00e9matique. Seront pr\u00e9sents pour repr\u00e9senter le CDES :<\/p><ul><li><strong>Jean-Pierre KARAQUILLO<\/strong>, <em>Professeur \u00e9m\u00e9rite \u00e0 l\u2019Universit\u00e9 de Limoges, Co-fondateur du Centre de droit et d\u2019\u00e9conomie du sport\u00a0<\/em><\/li><li><strong>Jean-Jacques GOUGUET<\/strong>, <em>Professeur \u00e9m\u00e9rite d&rsquo;Am\u00e9nagement et Urbanisme \u00e0 l\u2019Universit\u00e9 de Limoges, Directeur scientifique des \u00e9tudes \u00e9conomiques du Centre de Droit et d\u2019Economie du Sport (CDES-OMIJ)<\/em><\/li><li><strong>Charles DUDOGNON<\/strong>, <em>Professeur \u00e0 l\u2019Universit\u00e9 de Limoges, Directeur du Laboratoire Centre de Droit et d\u2019Economie du Sport<\/em> ;<\/li><li><strong>Skander KARAA<\/strong>, <em>Ma\u00eetre de conf\u00e9rences en droit priv\u00e9 \u00e0 l&rsquo;Universit\u00e9 de Limoges (OMIJ-CDES), Directeur G\u00e9n\u00e9ral du Comit\u00e9 National Olympique et Sportif Fran\u00e7ais ;\u00a0<\/em><\/li><\/ul>\t\t\t\t\t\t\t\t<\/div>\n\t\t\t\t<\/div>\n\t\t\t\t<div class=\"elementor-element elementor-element-611cb08 elementor-widget elementor-widget-text-editor\" data-id=\"611cb08\" data-element_type=\"widget\" data-widget_type=\"text-editor.default\">\n\t\t\t\t<div class=\"elementor-widget-container\">\n\t\t\t\t\t\t\t\t\t<p>Cette ann\u00e9e encore, le colloque EUROPA 2023 est organis\u00e9 selon un double format :<br \/>\u25a0 un format <strong>\u00ab\u00a0num\u00e9rique, en distanciel\u00a0\u00bb<\/strong> bas\u00e9 sur le concept d\u2019une \u00e9mission TV interactive dont le plateau sera install\u00e9 dans la salle panoramique du stade Beaublanc \u00e0 Limoges ;<br \/>\u25a0 un format <strong>\u00ab\u00a0pr\u00e9sentiel, en direct\u00a0\u00bb<\/strong> bas\u00e9 sur le concept d\u2019une \u00ab\u00a0conf\u00e9rence internationale\u00a0\u00bb, dans les conditions de l\u2019enregistrement d\u2019une \u00e9mission de TV interactive.<\/p>\t\t\t\t\t\t\t\t<\/div>\n\t\t\t\t<\/div>\n\t\t\t\t<div class=\"elementor-element elementor-element-7ab1afa elementor-align-center elementor-widget elementor-widget-button\" data-id=\"7ab1afa\" data-element_type=\"widget\" data-widget_type=\"button.default\">\n\t\t\t\t<div class=\"elementor-widget-container\">\n\t\t\t\t\t\t\t\t\t<div class=\"elementor-button-wrapper\">\n\t\t\t\t\t<a class=\"elementor-button elementor-button-link elementor-size-lg\" href=\"https:\/\/www.europaong.eu\/actions\/colloques-europa\/2023-les-politiques-publiques-du-sport-en-europe\/\">\n\t\t\t\t\t\t<span class=\"elementor-button-content-wrapper\">\n\t\t\t\t\t\t<span class=\"elementor-button-icon\">\n\t\t\t\t<i aria-hidden=\"true\" class=\"fas fa-user\"><\/i>\t\t\t<\/span>\n\t\t\t\t\t\t\t\t\t<span class=\"elementor-button-text\">  Inscrivez-vous<\/span>\n\t\t\t\t\t<\/span>\n\t\t\t\t\t<\/a>\n\t\t\t\t<\/div>\n\t\t\t\t\t\t\t\t<\/div>\n\t\t\t\t<\/div>\n\t\t\t\t<div class=\"elementor-element elementor-element-869e3b4 elementor-widget elementor-widget-text-editor\" data-id=\"869e3b4\" data-element_type=\"widget\" data-widget_type=\"text-editor.default\">\n\t\t\t\t<div class=\"elementor-widget-container\">\n\t\t\t\t\t\t\t\t\t<p><i>Pour le format distanciel, un mail sera envoy\u00e9s aux inscrits pour leur indiquer les modalit\u00e9s d&rsquo;acc\u00e8s au direct du colloque<\/i><\/p>\t\t\t\t\t\t\t\t<\/div>\n\t\t\t\t<\/div>\n\t\t\t\t<div class=\"elementor-element elementor-element-72340eb elementor-widget-divider--view-line elementor-widget elementor-widget-divider\" data-id=\"72340eb\" data-element_type=\"widget\" data-widget_type=\"divider.default\">\n\t\t\t\t<div class=\"elementor-widget-container\">\n\t\t\t\t\t\t\t<div class=\"elementor-divider\">\n\t\t\t<span class=\"elementor-divider-separator\">\n\t\t\t\t\t\t<\/span>\n\t\t<\/div>\n\t\t\t\t\t\t<\/div>\n\t\t\t\t<\/div>\n\t\t\t\t<div class=\"elementor-element elementor-element-b5ca6ed elementor-widget elementor-widget-heading\" data-id=\"b5ca6ed\" data-element_type=\"widget\" data-widget_type=\"heading.default\">\n\t\t\t\t<div class=\"elementor-widget-container\">\n\t\t\t\t\t<h2 class=\"elementor-heading-title elementor-size-default\">Informations pratiques :<\/h2>\t\t\t\t<\/div>\n\t\t\t\t<\/div>\n\t\t\t\t<section class=\"penci-section penci-disSticky penci-structure-20 elementor-section elementor-inner-section elementor-element elementor-element-07dab3c elementor-section-boxed elementor-section-height-default elementor-section-height-default\" data-id=\"07dab3c\" data-element_type=\"section\">\n\t\t\t\t\t\t<div class=\"elementor-container elementor-column-gap-default\">\n\t\t\t\t\t<div class=\"penci-ercol-50 penci-ercol-order-1 penci-sticky-ct    elementor-column elementor-col-50 elementor-inner-column elementor-element elementor-element-9d9eddd\" data-id=\"9d9eddd\" data-element_type=\"column\">\n\t\t\t<div class=\"elementor-widget-wrap elementor-element-populated\">\n\t\t\t\t\t\t<div class=\"elementor-element elementor-element-67a12cb elementor-widget elementor-widget-text-editor\" data-id=\"67a12cb\" data-element_type=\"widget\" data-widget_type=\"text-editor.default\">\n\t\t\t\t<div class=\"elementor-widget-container\">\n\t\t\t\t\t\t\t\t\t<h2><strong>Vendredi 24 novembre 2023\u00a0<\/strong><br \/><strong>De 8h30 \u00e0 18h30<\/strong><br \/><strong>Stade de Beaublanc &#8211; Limoges<\/strong><\/h2>\t\t\t\t\t\t\t\t<\/div>\n\t\t\t\t<\/div>\n\t\t\t\t\t<\/div>\n\t\t<\/div>\n\t\t\t\t<div class=\"penci-ercol-50 penci-ercol-order-2 penci-sticky-ct    elementor-column elementor-col-50 elementor-inner-column elementor-element elementor-element-bd3ae84\" data-id=\"bd3ae84\" data-element_type=\"column\">\n\t\t\t<div class=\"elementor-widget-wrap elementor-element-populated\">\n\t\t\t\t\t\t<div class=\"elementor-element elementor-element-46b925f elementor-widget elementor-widget-google_maps\" data-id=\"46b925f\" data-element_type=\"widget\" data-widget_type=\"google_maps.default\">\n\t\t\t\t<div class=\"elementor-widget-container\">\n\t\t\t\t\t\t\t<div class=\"elementor-custom-embed\">\n\t\t\t<iframe loading=\"lazy\"\n\t\t\t\t\tsrc=\"https:\/\/maps.google.com\/maps?q=Stade%20beaublanc%2C%20limoges&#038;t=m&#038;z=14&#038;output=embed&#038;iwloc=near\"\n\t\t\t\t\ttitle=\"Stade beaublanc, limoges\"\n\t\t\t\t\taria-label=\"Stade beaublanc, limoges\"\n\t\t\t><\/iframe>\n\t\t<\/div>\n\t\t\t\t\t\t<\/div>\n\t\t\t\t<\/div>\n\t\t\t\t\t<\/div>\n\t\t<\/div>\n\t\t\t\t\t<\/div>\n\t\t<\/section>\n\t\t\t\t\t<\/div>\n\t\t<\/div>\n\t\t\t\t\t<\/div>\n\t\t<\/section>\n\t\t\t\t<section class=\"penci-section penci-disSticky penci-structure-10 elementor-section elementor-top-section elementor-element elementor-element-5b6acf5 elementor-section-boxed elementor-section-height-default elementor-section-height-default\" data-id=\"5b6acf5\" data-element_type=\"section\">\n\t\t\t\t\t\t<div class=\"elementor-container elementor-column-gap-default\">\n\t\t\t\t\t<div class=\"penci-ercol-100 penci-ercol-order-1 penci-sticky-ct    elementor-column elementor-col-100 elementor-top-column elementor-element elementor-element-5c3e776\" data-id=\"5c3e776\" data-element_type=\"column\">\n\t\t\t<div class=\"elementor-widget-wrap elementor-element-populated\">\n\t\t\t\t\t\t<div class=\"elementor-element elementor-element-eac9786 elementor-widget-divider--view-line elementor-widget elementor-widget-divider\" data-id=\"eac9786\" data-element_type=\"widget\" data-widget_type=\"divider.default\">\n\t\t\t\t<div class=\"elementor-widget-container\">\n\t\t\t\t\t\t\t<div class=\"elementor-divider\">\n\t\t\t<span class=\"elementor-divider-separator\">\n\t\t\t\t\t\t<\/span>\n\t\t<\/div>\n\t\t\t\t\t\t<\/div>\n\t\t\t\t<\/div>\n\t\t\t\t<div class=\"elementor-element elementor-element-b3a248e elementor-widget elementor-widget-heading\" data-id=\"b3a248e\" data-element_type=\"widget\" data-widget_type=\"heading.default\">\n\t\t\t\t<div class=\"elementor-widget-container\">\n\t\t\t\t\t<h2 class=\"elementor-heading-title elementor-size-default\">En collaboration avec :<\/h2>\t\t\t\t<\/div>\n\t\t\t\t<\/div>\n\t\t\t\t<div class=\"elementor-element elementor-element-9021655 elementor-widget elementor-widget-image\" data-id=\"9021655\" data-element_type=\"widget\" data-widget_type=\"image.default\">\n\t\t\t\t<div class=\"elementor-widget-container\">\n\t\t\t\t\t\t\t\t\t\t\t\t\t\t\t<img decoding=\"async\" width=\"1024\" height=\"284\" src=\"https:\/\/cdes.fr\/wp-content\/uploads\/2023\/10\/colloque-europa-collaboration-1-1024x284.png\" class=\"attachment-large size-large wp-image-13834\" alt=\"\" srcset=\"https:\/\/cdes.fr\/wp-content\/uploads\/2023\/10\/colloque-europa-collaboration-1-1024x284.png 1024w, https:\/\/cdes.fr\/wp-content\/uploads\/2023\/10\/colloque-europa-collaboration-1-300x83.png 300w, https:\/\/cdes.fr\/wp-content\/uploads\/2023\/10\/colloque-europa-collaboration-1-768x213.png 768w, https:\/\/cdes.fr\/wp-content\/uploads\/2023\/10\/colloque-europa-collaboration-1-585x163.png 585w, https:\/\/cdes.fr\/wp-content\/uploads\/2023\/10\/colloque-europa-collaboration-1-600x167.png 600w, https:\/\/cdes.fr\/wp-content\/uploads\/2023\/10\/colloque-europa-collaboration-1.png 1080w\" sizes=\"(max-width: 1024px) 100vw, 1024px\" \/>\t\t\t\t\t\t\t\t\t\t\t\t\t\t\t<\/div>\n\t\t\t\t<\/div>\n\t\t\t\t<div class=\"elementor-element elementor-element-7ecf09c elementor-widget elementor-widget-heading\" data-id=\"7ecf09c\" data-element_type=\"widget\" data-widget_type=\"heading.default\">\n\t\t\t\t<div class=\"elementor-widget-container\">\n\t\t\t\t\t<h2 class=\"elementor-heading-title elementor-size-default\">Avec le soutien de :<\/h2>\t\t\t\t<\/div>\n\t\t\t\t<\/div>\n\t\t\t\t<div class=\"elementor-element elementor-element-fbd5167 elementor-widget elementor-widget-image\" data-id=\"fbd5167\" data-element_type=\"widget\" data-widget_type=\"image.default\">\n\t\t\t\t<div class=\"elementor-widget-container\">\n\t\t\t\t\t\t\t\t\t\t\t\t\t\t\t<img decoding=\"async\" width=\"1024\" height=\"284\" src=\"https:\/\/cdes.fr\/wp-content\/uploads\/2023\/10\/colloque-europa-soutien-1024x284.png\" class=\"attachment-large size-large wp-image-13832\" alt=\"\" srcset=\"https:\/\/cdes.fr\/wp-content\/uploads\/2023\/10\/colloque-europa-soutien-1024x284.png 1024w, https:\/\/cdes.fr\/wp-content\/uploads\/2023\/10\/colloque-europa-soutien-300x83.png 300w, https:\/\/cdes.fr\/wp-content\/uploads\/2023\/10\/colloque-europa-soutien-768x213.png 768w, https:\/\/cdes.fr\/wp-content\/uploads\/2023\/10\/colloque-europa-soutien-585x163.png 585w, https:\/\/cdes.fr\/wp-content\/uploads\/2023\/10\/colloque-europa-soutien-600x167.png 600w, https:\/\/cdes.fr\/wp-content\/uploads\/2023\/10\/colloque-europa-soutien.png 1080w\" sizes=\"(max-width: 1024px) 100vw, 1024px\" \/>\t\t\t\t\t\t\t\t\t\t\t\t\t\t\t<\/div>\n\t\t\t\t<\/div>\n\t\t\t\t\t<\/div>\n\t\t<\/div>\n\t\t\t\t\t<\/div>\n\t\t<\/section>\n\t\t\t\t<\/div>\n\t\t","protected":false},"excerpt":{"rendered":"<p>\u00ab\u00a0Explorer les politiques publiques du sport c\u2019est d\u2019abord et avant tout parler des valeurs autour desquelles le sport s\u2019est construit et perp\u00e9tu\u00e9, et \u00e0 la transmission desquelles il participe, des valeurs universelles&hellip;<\/p>\n","protected":false},"author":92,"featured_media":0,"comment_status":"closed","ping_status":"closed","sticky":false,"template":"","format":"standard","meta":{"_lmt_disableupdate":"","_lmt_disable":"","footnotes":"","beyondwords_generate_audio":"","beyondwords_project_id":"","beyondwords_content_id":"","beyondwords_preview_token":"","beyondwords_player_content":"","beyondwords_player_style":"","beyondwords_language_code":"","beyondwords_language_id":"","beyondwords_title_voice_id":"","beyondwords_body_voice_id":"","beyondwords_summary_voice_id":"","beyondwords_error_message":"","beyondwords_disabled":"","beyondwords_delete_content":"","beyondwords_podcast_id":"","beyondwords_hash":"","publish_post_to_speechkit":"","speechkit_hash":"","speechkit_generate_audio":"","speechkit_project_id":"","speechkit_podcast_id":"","speechkit_error_message":"","speechkit_disabled":"","speechkit_access_key":"","speechkit_error":"","speechkit_info":"","speechkit_response":"","speechkit_retries":"","speechkit_status":"","speechkit_updated_at":"","_speechkit_link":"","_speechkit_text":""},"categories":[2,3],"tags":[91,314,330,315,68,34,70,183,63],"class_list":["post-13819","post","type-post","status-publish","format-standard","hentry","category-cdes","category-evenements","tag-actualite","tag-article","tag-colloque","tag-droit","tag-droit-du-sport","tag-economie","tag-economie-du-sport","tag-sport","tag-texte"],"yoast_head":"<!-- This site is optimized with the Yoast SEO plugin v25.3.1 - https:\/\/yoast.com\/wordpress\/plugins\/seo\/ -->\n<title>Colloque EUROPA 2023 - 27e \u00e9dition - CDES<\/title>\n<meta name=\"robots\" content=\"index, follow, max-snippet:-1, max-image-preview:large, max-video-preview:-1\" \/>\n<link rel=\"canonical\" href=\"https:\/\/cdes.fr\/?p=13819\" \/>\n<meta property=\"og:locale\" content=\"fr_FR\" \/>\n<meta property=\"og:type\" content=\"article\" \/>\n<meta property=\"og:title\" content=\"Colloque EUROPA 2023 - 27e \u00e9dition - CDES\" \/>\n<meta property=\"og:description\" content=\"\u00ab\u00a0Explorer les politiques publiques du sport c\u2019est d\u2019abord et avant tout parler des valeurs autour desquelles le sport s\u2019est construit et perp\u00e9tu\u00e9, et \u00e0 la transmission desquelles il participe, des valeurs universelles&hellip;\" \/>\n<meta property=\"og:url\" content=\"https:\/\/cdes.fr\/?p=13819\" \/>\n<meta property=\"og:site_name\" content=\"CDES\" \/>\n<meta property=\"article:published_time\" content=\"2023-10-24T07:50:27+00:00\" \/>\n<meta property=\"article:modified_time\" content=\"2023-10-24T13:35:23+00:00\" \/>\n<meta property=\"og:image\" content=\"https:\/\/cdes.fr\/wp-content\/uploads\/2023\/10\/FB-evenement-1024x536.jpg\" \/>\n<meta name=\"author\" content=\"Viktoria Rosta\" \/>\n<meta name=\"twitter:card\" content=\"summary_large_image\" \/>\n<meta name=\"twitter:label1\" content=\"\u00c9crit par\" \/>\n\t<meta name=\"twitter:data1\" content=\"Viktoria Rosta\" \/>\n\t<meta name=\"twitter:label2\" content=\"Dur\u00e9e de lecture estim\u00e9e\" \/>\n\t<meta name=\"twitter:data2\" content=\"2 minutes\" \/>\n<script type=\"application\/ld+json\" class=\"yoast-schema-graph\">{\"@context\":\"https:\/\/schema.org\",\"@graph\":[{\"@type\":\"WebPage\",\"@id\":\"https:\/\/cdes.fr\/?p=13819\",\"url\":\"https:\/\/cdes.fr\/?p=13819\",\"name\":\"Colloque EUROPA 2023 - 27e \u00e9dition - CDES\",\"isPartOf\":{\"@id\":\"https:\/\/cdes.fr\/#website\"},\"primaryImageOfPage\":{\"@id\":\"https:\/\/cdes.fr\/?p=13819#primaryimage\"},\"image\":{\"@id\":\"https:\/\/cdes.fr\/?p=13819#primaryimage\"},\"thumbnailUrl\":\"https:\/\/cdes.fr\/wp-content\/uploads\/2023\/10\/FB-evenement-1024x536.jpg\",\"datePublished\":\"2023-10-24T07:50:27+00:00\",\"dateModified\":\"2023-10-24T13:35:23+00:00\",\"author\":{\"@id\":\"https:\/\/cdes.fr\/#\/schema\/person\/3fd95d04f12a9edf5003ec0df19d43bc\"},\"breadcrumb\":{\"@id\":\"https:\/\/cdes.fr\/?p=13819#breadcrumb\"},\"inLanguage\":\"fr-FR\",\"potentialAction\":[{\"@type\":\"ReadAction\",\"target\":[\"https:\/\/cdes.fr\/?p=13819\"]}]},{\"@type\":\"ImageObject\",\"inLanguage\":\"fr-FR\",\"@id\":\"https:\/\/cdes.fr\/?p=13819#primaryimage\",\"url\":\"https:\/\/cdes.fr\/wp-content\/uploads\/2023\/10\/FB-evenement.jpg\",\"contentUrl\":\"https:\/\/cdes.fr\/wp-content\/uploads\/2023\/10\/FB-evenement.jpg\",\"width\":1200,\"height\":628},{\"@type\":\"BreadcrumbList\",\"@id\":\"https:\/\/cdes.fr\/?p=13819#breadcrumb\",\"itemListElement\":[{\"@type\":\"ListItem\",\"position\":1,\"name\":\"Accueil\",\"item\":\"https:\/\/cdes.fr\/\"},{\"@type\":\"ListItem\",\"position\":2,\"name\":\"Colloque EUROPA 2023 &#8211; 27e \u00e9dition\"}]},{\"@type\":\"WebSite\",\"@id\":\"https:\/\/cdes.fr\/#website\",\"url\":\"https:\/\/cdes.fr\/\",\"name\":\"CDES\",\"description\":\"Centre de Droit et d&#039;Economie du Sport\",\"potentialAction\":[{\"@type\":\"SearchAction\",\"target\":{\"@type\":\"EntryPoint\",\"urlTemplate\":\"https:\/\/cdes.fr\/?s={search_term_string}\"},\"query-input\":{\"@type\":\"PropertyValueSpecification\",\"valueRequired\":true,\"valueName\":\"search_term_string\"}}],\"inLanguage\":\"fr-FR\"},{\"@type\":\"Person\",\"@id\":\"https:\/\/cdes.fr\/#\/schema\/person\/3fd95d04f12a9edf5003ec0df19d43bc\",\"name\":\"Viktoria Rosta\",\"image\":{\"@type\":\"ImageObject\",\"inLanguage\":\"fr-FR\",\"@id\":\"https:\/\/cdes.fr\/#\/schema\/person\/image\/\",\"url\":\"https:\/\/secure.gravatar.com\/avatar\/139dff69b1764c6ee4a6645c2ecf0b8ba8c5951b492b44d8858b07f7c293c210?s=96&d=mm&r=g\",\"contentUrl\":\"https:\/\/secure.gravatar.com\/avatar\/139dff69b1764c6ee4a6645c2ecf0b8ba8c5951b492b44d8858b07f7c293c210?s=96&d=mm&r=g\",\"caption\":\"Viktoria Rosta\"},\"url\":\"https:\/\/cdes.fr\/?author=92\"}]}<\/script>\n<!-- \/ Yoast SEO plugin. -->","yoast_head_json":{"title":"Colloque EUROPA 2023 - 27e \u00e9dition - CDES","robots":{"index":"index","follow":"follow","max-snippet":"max-snippet:-1","max-image-preview":"max-image-preview:large","max-video-preview":"max-video-preview:-1"},"canonical":"https:\/\/cdes.fr\/?p=13819","og_locale":"fr_FR","og_type":"article","og_title":"Colloque EUROPA 2023 - 27e \u00e9dition - CDES","og_description":"\u00ab\u00a0Explorer les politiques publiques du sport c\u2019est d\u2019abord et avant tout parler des valeurs autour desquelles le sport s\u2019est construit et perp\u00e9tu\u00e9, et \u00e0 la transmission desquelles il participe, des valeurs universelles&hellip;","og_url":"https:\/\/cdes.fr\/?p=13819","og_site_name":"CDES","article_published_time":"2023-10-24T07:50:27+00:00","article_modified_time":"2023-10-24T13:35:23+00:00","og_image":[{"url":"https:\/\/cdes.fr\/wp-content\/uploads\/2023\/10\/FB-evenement-1024x536.jpg","type":"","width":"","height":""}],"author":"Viktoria Rosta","twitter_card":"summary_large_image","twitter_misc":{"\u00c9crit par":"Viktoria Rosta","Dur\u00e9e de lecture estim\u00e9e":"2 minutes"},"schema":{"@context":"https:\/\/schema.org","@graph":[{"@type":"WebPage","@id":"https:\/\/cdes.fr\/?p=13819","url":"https:\/\/cdes.fr\/?p=13819","name":"Colloque EUROPA 2023 - 27e \u00e9dition - CDES","isPartOf":{"@id":"https:\/\/cdes.fr\/#website"},"primaryImageOfPage":{"@id":"https:\/\/cdes.fr\/?p=13819#primaryimage"},"image":{"@id":"https:\/\/cdes.fr\/?p=13819#primaryimage"},"thumbnailUrl":"https:\/\/cdes.fr\/wp-content\/uploads\/2023\/10\/FB-evenement-1024x536.jpg","datePublished":"2023-10-24T07:50:27+00:00","dateModified":"2023-10-24T13:35:23+00:00","author":{"@id":"https:\/\/cdes.fr\/#\/schema\/person\/3fd95d04f12a9edf5003ec0df19d43bc"},"breadcrumb":{"@id":"https:\/\/cdes.fr\/?p=13819#breadcrumb"},"inLanguage":"fr-FR","potentialAction":[{"@type":"ReadAction","target":["https:\/\/cdes.fr\/?p=13819"]}]},{"@type":"ImageObject","inLanguage":"fr-FR","@id":"https:\/\/cdes.fr\/?p=13819#primaryimage","url":"https:\/\/cdes.fr\/wp-content\/uploads\/2023\/10\/FB-evenement.jpg","contentUrl":"https:\/\/cdes.fr\/wp-content\/uploads\/2023\/10\/FB-evenement.jpg","width":1200,"height":628},{"@type":"BreadcrumbList","@id":"https:\/\/cdes.fr\/?p=13819#breadcrumb","itemListElement":[{"@type":"ListItem","position":1,"name":"Accueil","item":"https:\/\/cdes.fr\/"},{"@type":"ListItem","position":2,"name":"Colloque EUROPA 2023 &#8211; 27e \u00e9dition"}]},{"@type":"WebSite","@id":"https:\/\/cdes.fr\/#website","url":"https:\/\/cdes.fr\/","name":"CDES","description":"Centre de Droit et d&#039;Economie du Sport","potentialAction":[{"@type":"SearchAction","target":{"@type":"EntryPoint","urlTemplate":"https:\/\/cdes.fr\/?s={search_term_string}"},"query-input":{"@type":"PropertyValueSpecification","valueRequired":true,"valueName":"search_term_string"}}],"inLanguage":"fr-FR"},{"@type":"Person","@id":"https:\/\/cdes.fr\/#\/schema\/person\/3fd95d04f12a9edf5003ec0df19d43bc","name":"Viktoria Rosta","image":{"@type":"ImageObject","inLanguage":"fr-FR","@id":"https:\/\/cdes.fr\/#\/schema\/person\/image\/","url":"https:\/\/secure.gravatar.com\/avatar\/139dff69b1764c6ee4a6645c2ecf0b8ba8c5951b492b44d8858b07f7c293c210?s=96&d=mm&r=g","contentUrl":"https:\/\/secure.gravatar.com\/avatar\/139dff69b1764c6ee4a6645c2ecf0b8ba8c5951b492b44d8858b07f7c293c210?s=96&d=mm&r=g","caption":"Viktoria Rosta"},"url":"https:\/\/cdes.fr\/?author=92"}]}},"_links":{"self":[{"href":"https:\/\/cdes.fr\/index.php?rest_route=\/wp\/v2\/posts\/13819","targetHints":{"allow":["GET"]}}],"collection":[{"href":"https:\/\/cdes.fr\/index.php?rest_route=\/wp\/v2\/posts"}],"about":[{"href":"https:\/\/cdes.fr\/index.php?rest_route=\/wp\/v2\/types\/post"}],"author":[{"embeddable":true,"href":"https:\/\/cdes.fr\/index.php?rest_route=\/wp\/v2\/users\/92"}],"replies":[{"embeddable":true,"href":"https:\/\/cdes.fr\/index.php?rest_route=%2Fwp%2Fv2%2Fcomments&post=13819"}],"version-history":[{"count":39,"href":"https:\/\/cdes.fr\/index.php?rest_route=\/wp\/v2\/posts\/13819\/revisions"}],"predecessor-version":[{"id":13871,"href":"https:\/\/cdes.fr\/index.php?rest_route=\/wp\/v2\/posts\/13819\/revisions\/13871"}],"wp:attachment":[{"href":"https:\/\/cdes.fr\/index.php?rest_route=%2Fwp%2Fv2%2Fmedia&parent=13819"}],"wp:term":[{"taxonomy":"category","embeddable":true,"href":"https:\/\/cdes.fr\/index.php?rest_route=%2Fwp%2Fv2%2Fcategories&post=13819"},{"taxonomy":"post_tag","embeddable":true,"href":"https:\/\/cdes.fr\/index.php?rest_route=%2Fwp%2Fv2%2Ftags&post=13819"}],"curies":[{"name":"wp","href":"https:\/\/api.w.org\/{rel}","templated":true}]}}