{"id":13453,"date":"2023-10-05T09:42:49","date_gmt":"2023-10-05T07:42:49","guid":{"rendered":"https:\/\/cdes.fr\/?p=13453"},"modified":"2023-10-26T16:36:01","modified_gmt":"2023-10-26T14:36:01","slug":"lancement-de-la-premiere-promotion-de-la-formation-management-strategique-de-la-crise-dans-le-secteur-sportif-et-evenementiel","status":"publish","type":"post","link":"https:\/\/cdes.fr\/?p=13453","title":{"rendered":"Lancement de la 1\u00e8re promotion de la formation Management strat\u00e9gique de la crise dans le secteur sportif et \u00e9v\u00e8nementiel"},"content":{"rendered":"","protected":true},"excerpt":{"rendered":"","protected":true},"author":92,"featured_media":0,"comment_status":"closed","ping_status":"closed","sticky":false,"template":"","format":"standard","meta":{"_lmt_disableupdate":"","_lmt_disable":"","footnotes":"","beyondwords_generate_audio":"","beyondwords_project_id":"","beyondwords_content_id":"","beyondwords_preview_token":"","beyondwords_player_content":"","beyondwords_player_style":"","beyondwords_language_code":"","beyondwords_language_id":"","beyondwords_title_voice_id":"","beyondwords_body_voice_id":"","beyondwords_summary_voice_id":"","beyondwords_error_message":"","beyondwords_disabled":"","beyondwords_delete_content":"","beyondwords_podcast_id":"","beyondwords_hash":"","publish_post_to_speechkit":"","speechkit_hash":"","speechkit_generate_audio":"","speechkit_project_id":"","speechkit_podcast_id":"","speechkit_error_message":"","speechkit_disabled":"","speechkit_access_key":"","speechkit_error":"","speechkit_info":"","speechkit_response":"","speechkit_retries":"","speechkit_status":"","speechkit_updated_at":"","_speechkit_link":"","_speechkit_text":""},"categories":[2,7],"tags":[581,588,70,88,587],"class_list":["post-13453","post","type-post","status-publish","format-standard","post-password-required","hentry","category-cdes","category-formations","tag-581","tag-crise","tag-economie-du-sport","tag-formation","tag-ihemi"],"yoast_head":"<!-- This site is optimized with the Yoast SEO plugin v25.3.1 - https:\/\/yoast.com\/wordpress\/plugins\/seo\/ -->\n<title>Lancement de la 1\u00e8re promotion de la formation Management strat\u00e9gique de la crise dans le secteur sportif et \u00e9v\u00e8nementiel - CDES<\/title>\n<meta name=\"robots\" content=\"index, follow, max-snippet:-1, max-image-preview:large, max-video-preview:-1\" \/>\n<link rel=\"canonical\" href=\"https:\/\/cdes.fr\/?p=13453\" \/>\n<meta property=\"og:locale\" content=\"fr_FR\" \/>\n<meta property=\"og:type\" content=\"article\" \/>\n<meta property=\"og:title\" content=\"Lancement de la 1\u00e8re promotion de la formation Management strat\u00e9gique de la crise dans le secteur sportif et \u00e9v\u00e8nementiel - CDES\" \/>\n<meta property=\"og:description\" content=\"Il n\u2019y a pas d\u2019extrait, car cette publication est prot\u00e9g\u00e9e.\" \/>\n<meta property=\"og:url\" content=\"https:\/\/cdes.fr\/?p=13453\" \/>\n<meta property=\"og:site_name\" content=\"CDES\" \/>\n<meta property=\"article:published_time\" content=\"2023-10-05T07:42:49+00:00\" \/>\n<meta property=\"article:modified_time\" content=\"2023-10-26T14:36:01+00:00\" \/>\n<meta name=\"author\" content=\"Viktoria Rosta\" \/>\n<meta name=\"twitter:card\" content=\"summary_large_image\" \/>\n<meta name=\"twitter:label1\" content=\"\u00c9crit par\" \/>\n\t<meta name=\"twitter:data1\" content=\"Viktoria Rosta\" \/>\n\t<meta name=\"twitter:label2\" content=\"Dur\u00e9e de lecture estim\u00e9e\" \/>\n\t<meta name=\"twitter:data2\" content=\"2 minutes\" \/>\n<script type=\"application\/ld+json\" class=\"yoast-schema-graph\">{\"@context\":\"https:\/\/schema.org\",\"@graph\":[{\"@type\":\"WebPage\",\"@id\":\"https:\/\/cdes.fr\/?p=13453\",\"url\":\"https:\/\/cdes.fr\/?p=13453\",\"name\":\"Lancement de la 1\u00e8re promotion de la formation Management strat\u00e9gique de la crise dans le secteur sportif et \u00e9v\u00e8nementiel - CDES\",\"isPartOf\":{\"@id\":\"https:\/\/cdes.fr\/#website\"},\"datePublished\":\"2023-10-05T07:42:49+00:00\",\"dateModified\":\"2023-10-26T14:36:01+00:00\",\"breadcrumb\":{\"@id\":\"https:\/\/cdes.fr\/?p=13453#breadcrumb\"},\"inLanguage\":\"fr-FR\"},{\"@type\":\"WebSite\",\"@id\":\"https:\/\/cdes.fr\/#website\",\"url\":\"https:\/\/cdes.fr\/\",\"name\":\"CDES\",\"description\":\"Centre de Droit et d&#039;Economie du Sport\",\"potentialAction\":[{\"@type\":\"SearchAction\",\"target\":{\"@type\":\"EntryPoint\",\"urlTemplate\":\"https:\/\/cdes.fr\/?s={search_term_string}\"},\"query-input\":{\"@type\":\"PropertyValueSpecification\",\"valueRequired\":true,\"valueName\":\"search_term_string\"}}],\"inLanguage\":\"fr-FR\"}]}<\/script>\n<!-- \/ Yoast SEO plugin. -->","yoast_head_json":{"title":"Lancement de la 1\u00e8re promotion de la formation Management strat\u00e9gique de la crise dans le secteur sportif et \u00e9v\u00e8nementiel - CDES","robots":{"index":"index","follow":"follow","max-snippet":"max-snippet:-1","max-image-preview":"max-image-preview:large","max-video-preview":"max-video-preview:-1"},"canonical":"https:\/\/cdes.fr\/?p=13453","og_locale":"fr_FR","og_type":"article","og_title":"Lancement de la 1\u00e8re promotion de la formation Management strat\u00e9gique de la crise dans le secteur sportif et \u00e9v\u00e8nementiel - CDES","og_description":"Il n\u2019y a pas d\u2019extrait, car cette publication est prot\u00e9g\u00e9e.","og_url":"https:\/\/cdes.fr\/?p=13453","og_site_name":"CDES","article_published_time":"2023-10-05T07:42:49+00:00","article_modified_time":"2023-10-26T14:36:01+00:00","author":"Viktoria Rosta","twitter_card":"summary_large_image","twitter_misc":{"\u00c9crit par":"Viktoria Rosta","Dur\u00e9e de lecture estim\u00e9e":"2 minutes"},"schema":{"@context":"https:\/\/schema.org","@graph":[{"@type":"WebPage","@id":"https:\/\/cdes.fr\/?p=13453","url":"https:\/\/cdes.fr\/?p=13453","name":"Lancement de la 1\u00e8re promotion de la formation Management strat\u00e9gique de la crise dans le secteur sportif et \u00e9v\u00e8nementiel - CDES","isPartOf":{"@id":"https:\/\/cdes.fr\/#website"},"datePublished":"2023-10-05T07:42:49+00:00","dateModified":"2023-10-26T14:36:01+00:00","breadcrumb":{"@id":"https:\/\/cdes.fr\/?p=13453#breadcrumb"},"inLanguage":"fr-FR"},{"@type":"WebSite","@id":"https:\/\/cdes.fr\/#website","url":"https:\/\/cdes.fr\/","name":"CDES","description":"Centre de Droit et d&#039;Economie du Sport","potentialAction":[{"@type":"SearchAction","target":{"@type":"EntryPoint","urlTemplate":"https:\/\/cdes.fr\/?s={search_term_string}"},"query-input":{"@type":"PropertyValueSpecification","valueRequired":true,"valueName":"search_term_string"}}],"inLanguage":"fr-FR"}]}},"_links":{"self":[{"href":"https:\/\/cdes.fr\/index.php?rest_route=\/wp\/v2\/posts\/13453","targetHints":{"allow":["GET"]}}],"collection":[{"href":"https:\/\/cdes.fr\/index.php?rest_route=\/wp\/v2\/posts"}],"about":[{"href":"https:\/\/cdes.fr\/index.php?rest_route=\/wp\/v2\/types\/post"}],"author":[{"embeddable":true,"href":"https:\/\/cdes.fr\/index.php?rest_route=\/wp\/v2\/users\/92"}],"replies":[{"embeddable":true,"href":"https:\/\/cdes.fr\/index.php?rest_route=%2Fwp%2Fv2%2Fcomments&post=13453"}],"version-history":[{"count":12,"href":"https:\/\/cdes.fr\/index.php?rest_route=\/wp\/v2\/posts\/13453\/revisions"}],"predecessor-version":[{"id":13479,"href":"https:\/\/cdes.fr\/index.php?rest_route=\/wp\/v2\/posts\/13453\/revisions\/13479"}],"wp:attachment":[{"href":"https:\/\/cdes.fr\/index.php?rest_route=%2Fwp%2Fv2%2Fmedia&parent=13453"}],"wp:term":[{"taxonomy":"category","embeddable":true,"href":"https:\/\/cdes.fr\/index.php?rest_route=%2Fwp%2Fv2%2Fcategories&post=13453"},{"taxonomy":"post_tag","embeddable":true,"href":"https:\/\/cdes.fr\/index.php?rest_route=%2Fwp%2Fv2%2Ftags&post=13453"}],"curies":[{"name":"wp","href":"https:\/\/api.w.org\/{rel}","templated":true}]}}